{"id":9671,"date":"2022-03-15T17:55:07","date_gmt":"2022-03-15T15:55:07","guid":{"rendered":"https:\/\/cuneoairport.com\/avis-public-7\/"},"modified":"2022-08-16T10:31:03","modified_gmt":"2022-08-16T08:31:03","slug":"avis-public-7","status":"publish","type":"post","link":"https:\/\/cuneoairport.com\/fr\/avis-public-7\/","title":{"rendered":"AVIS PUBLIC"},"content":{"rendered":"<p>[et_pb_section fb_built=\u00a0\u00bb1&Prime; admin_label=\u00a0\u00bbsection\u00a0\u00bb _builder_version=\u00a0\u00bb3.22&Prime; global_colors_info=\u00a0\u00bb{}\u00a0\u00bb][et_pb_row admin_label=\u00a0\u00bbligne\u00a0\u00bb _builder_version=\u00a0\u00bb3.25&Prime; background_size=\u00a0\u00bbinitial\u00a0\u00bb background_position=\u00a0\u00bbtop_left\u00a0\u00bb background_repeat=\u00a0\u00bbrepeat\u00a0\u00bb global_colors_info=\u00a0\u00bb{}\u00a0\u00bb][et_pb_column type=\u00a0\u00bb4_4&Prime; _builder_version=\u00a0\u00bb3.25&Prime; custom_padding=\u00a0\u00bb|||\u00a0\u00bb global_colors_info=\u00a0\u00bb{}\u00a0\u00bb custom_padding__hover=\u00a0\u00bb|||\u00a0\u00bb][et_pb_text admin_label=\u00a0\u00bbText\u00a0\u00bb _builder_version=\u00a0\u00bb4.14.3&Prime; background_size=\u00a0\u00bbinitial\u00a0\u00bb background_position=\u00a0\u00bbtop_left\u00a0\u00bb background_repeat=\u00a0\u00bbrepeat\u00a0\u00bb global_colors_info=\u00a0\u00bb{}\u00a0\u00bb]<\/p>\n<h2><strong>PROC\u00c9DURE DE CESSION EN SOUS-CONCESSION DES ESPACES DE HANGAR ET DES SALLES D&rsquo;ENSEIGNEMENT <\/strong><\/h2>\n<p><strong> <\/strong><\/p>\n<p><strong>1) <\/strong>GEAC Spa Societ\u00e0 di Gestione dell&rsquo;Aeroporto Cuneo bas\u00e9e \u00e0 Levaldigi en S.P. 20 n1 12038, fax. 0172 741535 annonce qu&rsquo;il a l&rsquo;intention d&rsquo;identifier la ou les personnes \u00e0 qui confier la sous-concession des zones suivantes, situ\u00e9es \u00e0 l&rsquo;a\u00e9roport \u00ab\u00a0Alpi del Mare\u00a0\u00bb de Cuneo \u00e0 utiliser pour l&rsquo;exercice du centre de formation \/ \u00e9cole de pilotage activit\u00e9.<\/p>\n<p><strong>a) Salle de classe situ\u00e9e dans la zone <em>c\u00f4t\u00e9 terre<\/em> de 60 m\u00e8tres carr\u00e9s<\/strong><\/p>\n<p><strong>b) Espace de hangar situ\u00e9 dans la zone <em>c\u00f4t\u00e9<\/em> piste d. Hangar Sud<\/strong><\/p>\n<p><strong> <\/strong><strong>2)<\/strong> La livraison des Domaines vis\u00e9s respectivement dans les lettres a) et b) de l&rsquo;article 1 pr\u00e9c\u00e9dent au sous-concessionnaire attribu\u00e9 la s\u00e9lection pour la pr\u00e9paration de celui-ci, aura lieu \u00e0 partir de juin 2022.<\/p>\n<p>La pr\u00e9paration, le cas \u00e9ch\u00e9ant, sera \u00e0 la charge totale du Sous-concessionnaire, qui ne pourra rien r\u00e9clamer \u00e0 GEAC au titre de l&rsquo;investissement r\u00e9alis\u00e9.<\/p>\n<p><strong>3)<\/strong> Les conditions minimales requises pour participer \u00e0 la s\u00e9lection sont les suivantes :<\/p>\n<p>&#8211; \u00catre un ATO PART AESA en possession des exigences r\u00e9glementaires accr\u00e9dit\u00e9es pour la r\u00e9alisation de l&rsquo;activit\u00e9 de formation\/\u00e9cole de pilotage<\/p>\n<p>&#8211; \u00catre EASA PART CAMO en possession des exigences r\u00e9glementaires accr\u00e9dit\u00e9es pour la surveillance continue de la navigabilit\u00e9 des a\u00e9ronefs<\/p>\n<p>&#8211; \u00catre un EASA PART 145 en possession des exigences r\u00e9glementaires accr\u00e9dit\u00e9es pour effectuer la maintenance ordinaire \/ extraordinaire des a\u00e9ronefs<\/p>\n<p>&#8211; \u00catre un EASA PART FSTD en possession des exigences r\u00e9glementaires accr\u00e9dit\u00e9es pour la gestion des FSTD (Flight Simulator Training Device)<\/p>\n<p>Il est pr\u00e9cis\u00e9 que l&rsquo;utilisation et la participation \u00e0 la proc\u00e9dure dans les groupements temporaires d&rsquo;entreprises ne sont pas autoris\u00e9es.<\/p>\n<p><strong>4)<\/strong> Les entreprises int\u00e9ress\u00e9es \u00e0 participer \u00e0 la proc\u00e9dure de s\u00e9lection, en possession des exigences minimales indiqu\u00e9es \u00e0 l&rsquo;article 3 pr\u00e9c\u00e9dent, doivent envoyer leur offre par <a href=\"mailto:geacspa@leagalmail.it\">courrier \u00e9lectronique certifi\u00e9 geacspa@leagalmail.it<\/a> <strong><u>au plus tard \u00e0 12h00 le 20 mars 2022<\/u><\/strong> \u00e0 l&rsquo;adresse suivante&nbsp;:<\/p>\n<p><strong><em>GEAC Spa &#8211; A\u00e9roport de Coni<\/em><\/strong><\/p>\n<p><strong><em>Route Provinciale 20 n.1 &#8211; 12038 Levaldigi<\/em><\/strong><\/p>\n<p><strong><em>Att. Secr\u00e9tariat de gestion<\/em><\/strong><\/p>\n<p>L&rsquo;offre doit \u00eatre envoy\u00e9e \u00e0 l&rsquo;adresse de la soci\u00e9t\u00e9 portant la mention \u00ab S\u00c9LECTION POUR LA LIB\u00c9RATION EN SOUS-CONCESSION de ZONES d&rsquo;activit\u00e9s centre de formation \/ \u00e9cole de pilotage \u00bb. Pass\u00e9 le d\u00e9lai indiqu\u00e9 ci-dessus, aucune autre demande ne sera consid\u00e9r\u00e9e comme valable. La livraison de l&rsquo;offre reste donc aux seuls risques de l&rsquo;exp\u00e9diteur.<\/p>\n<p>Le colis doit contenir, sous peine d&rsquo;exclusion, les documents suivants, v\u00e9rifiables par la suite, sign\u00e9s par le repr\u00e9sentant l\u00e9gal de l&rsquo;entreprise dot\u00e9 des pouvoirs appropri\u00e9s :<\/p>\n<ol>\n<li><em>demande de participation, accompagn\u00e9e de toutes les donn\u00e9es d&rsquo;identification de l&rsquo;entreprise et proposition de protocole d&rsquo;accord<\/em><\/li>\n<li><em>d\u00e9claration de possession des conditions g\u00e9n\u00e9rales vis\u00e9es \u00e0 l&rsquo;art. 38 du d\u00e9cret l\u00e9gislatif 163\/2006.<\/em><\/li>\n<li><em>D\u00e9claration certifiant que le concurrent dispose d&rsquo;une licence valide pour exercer l&rsquo;activit\u00e9 objet de la pr\u00e9sente proc\u00e9dure.<\/em><\/li>\n<\/ol>\n<p>Il est \u00e0 noter que les d\u00e9clarations indiqu\u00e9es ci-dessus doivent \u00eatre faites conform\u00e9ment \u00e0 l&rsquo;art. 46 et 47 du d\u00e9cret pr\u00e9sidentiel 445\/2000<\/p>\n<p><strong>5)<\/strong> Le crit\u00e8re d&rsquo;attribution de l&rsquo;offre relative \u00e0 la sous-concession de chacun des deux Domaines vis\u00e9s respectivement dans la lettre a) et \u00e0 la lettre b) de l&rsquo;article pr\u00e9c\u00e9dent n. 1 sera d\u00e9termin\u00e9 avec le param\u00e8tre de la priorit\u00e9 de soumission de la candidature.<\/p>\n<p><strong>6)<\/strong> La sous-concession de chacune des Zones distinctes vis\u00e9es respectivement dans la lettre a) et b) de l&rsquo;article 1 pr\u00e9c\u00e9dent sera r\u00e9gi par le contrat de 36 mois applicable renouvelable pour les 36 mois suivants.<\/p>\n<p><strong>7)<\/strong> Le GEAC se r\u00e9serve le droit d&rsquo;inviter les candidats \u00e0 pr\u00e9ciser ou compl\u00e9ter les d\u00e9clarations et documents pr\u00e9sent\u00e9s.<\/p>\n<p><strong>8)<\/strong> Le GEAC se r\u00e9serve le droit d&rsquo;attribuer la s\u00e9lection m\u00eame en pr\u00e9sence d&rsquo;une seule offre valable.<\/p>\n<p><strong>9)<\/strong> GEAC se r\u00e9serve le droit d&rsquo;annuler ou de r\u00e9voquer la proc\u00e9dure \u00e0 tout moment, de ne pas attribuer et\/ou stipuler les contrats en question sans encourir de responsabilit\u00e9 et\/ou de r\u00e9clamations en dommages et int\u00e9r\u00eats, m\u00eame en vertu de l&rsquo;art. 1337 et 1338 du code civil.<\/p>\n<p>Il convient de noter que la r\u00e9f\u00e9rence aux dispositions du d\u00e9cret l\u00e9gislatif 163\/06 n&rsquo;implique pas l&rsquo;applicabilit\u00e9 \u00e0 cette proc\u00e9dure, m\u00eame par analogie, des dispositions qui y sont contenues, sauf mention expresse.<\/p>\n<p><strong>dix)<\/strong> Le sous-concessionnaire se r\u00e9serve le droit de r\u00e9silier le contrat en cours pour autant que l&rsquo;un des motifs suivants survienne :<\/p>\n<ul>\n<li>pour des raisons de force majeure ou d&rsquo;int\u00e9r\u00eat public ;<\/li>\n<li>non-r\u00e9alisation de l&rsquo;objet du contrat, tel que pr\u00e9cis\u00e9 au point 1 de la pr\u00e9sente lettre.<\/li>\n<li>non-paiement anticip\u00e9 du loyer annuel ;<\/li>\n<\/ul>\n<p>11) Nous vous informons que conform\u00e9ment \u00e0 l&rsquo;art. 13 du d\u00e9cret l\u00e9gislatif 196\/03, les donn\u00e9es personnelles fournies par les participants \u00e0 l&rsquo;appel d&rsquo;offres sont collect\u00e9es uniquement aux fins li\u00e9es \u00e0 cette proc\u00e9dure et, en cas d&rsquo;attribution \u00e9ventuelle, pour la gestion des contrats de sous-concession.<\/p>\n<p>Les concurrents et les adjudicataires auront le droit d&rsquo;exercer tous les droits vis\u00e9s \u00e0 l&rsquo;art. 7 du d\u00e9cret pr\u00e9cit\u00e9.<\/p>\n<p><strong><em>Levaldigi, 14\/03\/2022<\/em><\/strong><\/p>\n<p>Le directeur g\u00e9n\u00e9ral<\/p>\n<p>Anna Maria Milanese<\/p>\n<p>&nbsp;<\/p>\n<h4><strong><a href=\"https:\/\/cuneoairport.com\/wp-content\/uploads\/2022\/03\/AVVISO-PUBBLICO.pdf\">AVIS PUBLIC<\/a><\/strong><\/h4>\n<h4><strong>LE R\u00c9SULTAT DE L&rsquo;APPEL :<\/strong><\/h4>\n<p><span style=\"color: #000000\">Le contractant sera AEROLOCARNO SA.<\/span><\/p>\n<p><strong><\/strong><\/p>\n<p>[\/et_pb_text][\/et_pb_column][\/et_pb_row][\/et_pb_section]<\/p>\n","protected":false},"excerpt":{"rendered":"<p>PROC\u00c9DURE DE CESSION EN SOUS-CONCESSION DES ESPACES DE HANGAR ET DES SALLES D&rsquo;ENSEIGNEMENT<\/p>\n","protected":false},"author":3,"featured_media":9734,"comment_status":"closed","ping_status":"open","sticky":false,"template":"","format":"standard","meta":{"_acf_changed":false,"_et_pb_use_builder":"on","_et_pb_old_content":"","_et_gb_content_width":"","footnotes":""},"categories":[74,44],"tags":[],"class_list":["post-9671","post","type-post","status-publish","format-standard","has-post-thumbnail","hentry","category-avis-publics-et-appels-doffres","category-bando"],"acf":[],"_links":{"self":[{"href":"https:\/\/cuneoairport.com\/fr\/wp-json\/wp\/v2\/posts\/9671","targetHints":{"allow":["GET"]}}],"collection":[{"href":"https:\/\/cuneoairport.com\/fr\/wp-json\/wp\/v2\/posts"}],"about":[{"href":"https:\/\/cuneoairport.com\/fr\/wp-json\/wp\/v2\/types\/post"}],"author":[{"embeddable":true,"href":"https:\/\/cuneoairport.com\/fr\/wp-json\/wp\/v2\/users\/3"}],"replies":[{"embeddable":true,"href":"https:\/\/cuneoairport.com\/fr\/wp-json\/wp\/v2\/comments?post=9671"}],"version-history":[{"count":0,"href":"https:\/\/cuneoairport.com\/fr\/wp-json\/wp\/v2\/posts\/9671\/revisions"}],"wp:featuredmedia":[{"embeddable":true,"href":"https:\/\/cuneoairport.com\/fr\/wp-json\/wp\/v2\/media\/9734"}],"wp:attachment":[{"href":"https:\/\/cuneoairport.com\/fr\/wp-json\/wp\/v2\/media?parent=9671"}],"wp:term":[{"taxonomy":"category","embeddable":true,"href":"https:\/\/cuneoairport.com\/fr\/wp-json\/wp\/v2\/categories?post=9671"},{"taxonomy":"post_tag","embeddable":true,"href":"https:\/\/cuneoairport.com\/fr\/wp-json\/wp\/v2\/tags?post=9671"}],"curies":[{"name":"wp","href":"https:\/\/api.w.org\/{rel}","templated":true}]}}