{"id":9414,"date":"2022-01-11T15:49:32","date_gmt":"2022-01-11T13:49:32","guid":{"rendered":"https:\/\/cuneoairport.com\/avis-public-6\/"},"modified":"2022-08-16T10:48:51","modified_gmt":"2022-08-16T08:48:51","slug":"avis-public-6","status":"publish","type":"post","link":"https:\/\/cuneoairport.com\/fr\/avis-public-6\/","title":{"rendered":"AVIS PUBLIC"},"content":{"rendered":"<p>[et_pb_section fb_built=\u00a0\u00bb1&Prime; admin_label=\u00a0\u00bbsection\u00a0\u00bb _builder_version=\u00a0\u00bb3.22&Prime; global_colors_info=\u00a0\u00bb{}\u00a0\u00bb theme_builder_area=\u00a0\u00bbpost_content\u00a0\u00bb][et_pb_row admin_label=\u00a0\u00bbligne\u00a0\u00bb _builder_version=\u00a0\u00bb3.25&Prime; background_size=\u00a0\u00bbinitial\u00a0\u00bb background_position=\u00a0\u00bbtop_left\u00a0\u00bb background_repeat=\u00a0\u00bbrepeat\u00a0\u00bb global_colors_info=\u00a0\u00bb{}\u00a0\u00bb theme_builder_area=\u00a0\u00bbpost_content\u00a0\u00bb][et_pb_column type=\u00a0\u00bb4_4&Prime; _builder_version=\u00a0\u00bb3.25&Prime; custom_padding=\u00a0\u00bb|||\u00a0\u00bb global_colors_info=\u00a0\u00bb{}\u00a0\u00bb custom_padding__hover=\u00a0\u00bb|||\u00a0\u00bb theme_builder_area=\u00a0\u00bbpost_content\u00a0\u00bb][et_pb_text admin_label=\u00a0\u00bbText\u00a0\u00bb _builder_version=\u00a0\u00bb3.27.4&Prime; background_size=\u00a0\u00bbinitial\u00a0\u00bb background_position=\u00a0\u00bbtop_left\u00a0\u00bb background_repeat=\u00a0\u00bbrepeat\u00a0\u00bb global_colors_info=\u00a0\u00bb{}\u00a0\u00bb theme_builder_area=\u00a0\u00bbpost_content\u00a0\u00bb]<\/p>\n<h2><strong>EXPLORATION AVIS<\/strong> DE MANIFESTATION D&rsquo;INT\u00c9R\u00caT POUR LA PARTICIPATION \u00c0 LA PROC\u00c9DURE D&rsquo;ENTR\u00c9E AU SERVICE DE LA GARANTIE D&rsquo;ASSURANCE RESPONSABILIT\u00c9 CIVILE GESTION A\u00c9ROPORTUAIRE POUR LA P\u00c9RIODE DU 31.12. 2021 AT 31.12.2024 (article 36 alin\u00e9a 2 lettre b) D\u00e9cret-loi n.m. 50\/2016)<\/h2>\n<p><em><strong>GEAC SpA Route Provinciale 20, n. 1 &#8211; Fraz.ne Levaldigi &#8211; 12038 Savigliano (CN)<\/strong><\/em><\/p>\n<p><em><strong>Adresse e-mail certifi\u00e9e : geacspa@legalmail.it<\/strong><\/em><\/p>\n<p>GEAC SpA, dans le respect des principes de non-discrimination, d&rsquo;\u00e9galit\u00e9 de traitement et de proportionnalit\u00e9, a l&rsquo;intention de soumissionner pour l&rsquo;attribution du service de couverture d&rsquo;assurance responsabilit\u00e9 civile pour la gestion de l&rsquo;a\u00e9roport pour le <strong><u>p\u00e9riode du 31\/12\/2021 au 31\/12\/2024<\/u><\/strong>  \u00eatre identifi\u00e9es par le biais d&rsquo;une proc\u00e9dure n\u00e9goci\u00e9e parmi au moins cinq entreprises parmi celles qui auront envoy\u00e9 une demande d&rsquo;invitation dans les d\u00e9lais et selon les modalit\u00e9s pr\u00e9vus par le pr\u00e9sent avis, en d\u00e9montrant qu&rsquo;elles remplissent les conditions \u00e9nonc\u00e9es ci-dessous.<\/p>\n<p>Cet avis ne lie GEAC SpA \u00e0 aucune attribution car l&rsquo;avis vise exclusivement \u00e0 recevoir une manifestation d&rsquo;int\u00e9r\u00eat pour faciliter la participation et la consultation des compagnies d&rsquo;assurance.<\/p>\n<p>De plus, aucune proc\u00e9dure d&rsquo;appel d&rsquo;offres n&rsquo;est lanc\u00e9e avec le pr\u00e9sent avis, les manifestations d&rsquo;int\u00e9r\u00eat ont pour seul but d&rsquo;identifier les entreprises disponibles pour \u00eatre invit\u00e9es \u00e0 soumettre une offre \u00e0 une proc\u00e9dure ult\u00e9rieure annonc\u00e9e par l&rsquo;Entit\u00e9.<\/p>\n<ol>\n<li><strong>DESCRIPTION ET DUR\u00c9E DES SERVICES D&rsquo;ASSURANCE<\/strong><\/li>\n<\/ol>\n<p>La politique et le risque que GEAC SpA a l&rsquo;intention de c\u00e9der sont les suivants :<\/p>\n<table>\n<tbody>\n<tr>\n<td width=\"317\"><strong><em>Branche <\/em><\/strong><\/td>\n<td width=\"214\"><strong><em>Prime brute actuelle pay\u00e9e <\/em><\/strong><\/td>\n<\/tr>\n<tr>\n<td width=\"317\">Police de responsabilit\u00e9 de la direction de l&rsquo;a\u00e9roport<\/td>\n<td width=\"214\">39 000,00 \u20ac<\/td>\n<\/tr>\n<\/tbody>\n<\/table>\n<p>La somme ci-dessus est indicative, elle ne constitue pas une base d&rsquo;ench\u00e8re et le CIG concern\u00e9 sera communiqu\u00e9 par une lettre d&rsquo;invitation.<\/p>\n<p>La dur\u00e9e du march\u00e9 objet de la pr\u00e9sente attribution est fix\u00e9e \u00e0 3 (trois) ans \u00e0 compter du 31\/12\/2021 \u00e0 12h00.<\/p>\n<ol start=\"2\">\n<li><strong>CLAUSE COURTIER<\/strong><\/li>\n<\/ol>\n<p>Le pouvoir adjudicateur a recours \u00e0 l&rsquo;assistance et au conseil de la soci\u00e9t\u00e9 Aon dont le si\u00e8ge social est situ\u00e9 via Ernesto Calindri, 6 20143 Milan &#8211; CF nr. 10203070155 &#8211; et num\u00e9ro de TVA 11274970158 inscrit au registre unique des interm\u00e9diaires d&rsquo;assurances (RUI) NR. B000117871-<\/p>\n<p>Toutes les informations techniques peuvent \u00eatre demand\u00e9es \u00e0 AON aux adresses suivantes :<\/p>\n<p><strong>Dr Anna Casu <\/strong><\/p>\n<p><strong>T\u00e9l 0171\/071034<\/strong><\/p>\n<p><strong>Courriel :<\/strong> <a href=\"mailto:anna.casu@aon.it\"><strong>anna.casu@aon.it<\/strong><\/a><strong>  <\/strong><\/p>\n<ol start=\"3\">\n<li><strong>PROC\u00c9DURE DE CESSION<\/strong><\/li>\n<\/ol>\n<p>La mission aura lieu conform\u00e9ment aux dispositions du d. lgs50 \/ 2016 et modifications ult\u00e9rieures, au moyen d&rsquo;une demande d&rsquo;offre \u00e0 un maximum de dix entreprises. En cas de plus de dix manifestations d&rsquo;int\u00e9r\u00eat, le pouvoir adjudicateur se r\u00e9serve le droit de proc\u00e9der \u00e0 la s\u00e9lection des sujets qui seront invit\u00e9s par tirage au sort, effectu\u00e9 en s\u00e9ance publique et dont l&rsquo;avis sera donn\u00e9 par une communication sp\u00e9cifique sur le site institutionnel de la GEAC SpA.<\/p>\n<p>Le pouvoir adjudicateur se r\u00e9serve le droit de mener la proc\u00e9dure m\u00eame en pr\u00e9sence d&rsquo;un nombre de manifestations d&rsquo;int\u00e9r\u00eat inf\u00e9rieur \u00e0 cinq ou d&rsquo;int\u00e9grer la liste des sujets \u00e0 inviter en identifiant d&rsquo;autres op\u00e9rateurs \u00e9conomiques poss\u00e9dant les exigences appropri\u00e9es jusqu&rsquo;\u00e0 un nombre total minimum de cinq.<\/p>\n<p>Le lot sera attribu\u00e9 selon les conditions \u00e9nonc\u00e9es dans la lettre d&rsquo;invitation et les param\u00e8tres contenus dans le cahier des charges sp\u00e9cifique.<\/p>\n<p>Le pouvoir adjudicateur peut en tout \u00e9tat de cause ne pas proc\u00e9der \u00e0 l&rsquo;attribution si les offres ne sont pas jug\u00e9es appropri\u00e9es.<\/p>\n<ol>\n<li><strong>SUJETS ET EXIGENCES ADMIS<\/strong><\/li>\n<li>A) Conditions g\u00e9n\u00e9rales &#8211; inexistence des motifs d&rsquo;exclusion pr\u00e9vus \u00e0 l&rsquo;article 80 D\u00e9cret l\u00e9gislatif 50\/2016 et modifications ult\u00e9rieures<\/li>\n<li>B) Conditions d&rsquo;aptitude professionnelle &#8211; Les compagnies d&rsquo;assurances poss\u00e9dant les conditions vis\u00e9es \u00e0 l&rsquo;art. 83 D\u00e9cret l\u00e9gislatif. 50\/2016 ou d&rsquo;autoriser r\u00e9guli\u00e8rement l&rsquo;exercice de l&rsquo;activit\u00e9 d&rsquo;assurance pour les couvertures d&rsquo;assurance couvertes par le contrat.<\/li>\n<\/ol>\n<p>Les groupements temporaires d&rsquo;op\u00e9rateurs \u00e9conomiques vis\u00e9s \u00e0 l&rsquo;art. 48 du d\u00e9cret l\u00e9gislatif 50\/2016. Conform\u00e9ment \u00e0 l&rsquo;art. 48 alin\u00e9a 2, les services principaux (couverture des risques) et secondaires (gestion des sinistres, activit\u00e9s d&rsquo;expertise) suivants du service soumissionn\u00e9 peuvent \u00eatre identifi\u00e9s.<\/p>\n<p>Pour la participation des consortiums identifi\u00e9s dans les lettres bande c) de l&rsquo;art. 45 alin\u00e9a 2 du d\u00e9cret l\u00e9gislatif n\u00b0 50\/2016, les dispositions des articles 47 et 48 du m\u00eame d\u00e9cret s&rsquo;appliquent.<\/p>\n<p>Il est interdit aux concurrents de participer \u00e0 l&rsquo;offre dans plus d&rsquo;une association ou groupement temporaire ou de participer \u00e0 l&rsquo;offre m\u00eame individuellement si le soumissionnaire a particip\u00e9 \u00e0 l&rsquo;offre dans une association ou un groupement.<\/p>\n<p>La participation de plusieurs compagnies est autoris\u00e9e, en coassurance, conform\u00e9ment aux sp\u00e9cifications de la police individuelle. Le d\u00e9l\u00e9gataire sera tenu, dans tous les cas, de remplir directement et int\u00e9gralement toutes les obligations contractuelles assum\u00e9es envers le contractant et\/ou ses ayants droit.<\/p>\n<p>Les entreprises qui soumettent une offre de coassurance ne peuvent participer sous une forme unique ou dans une autre coassurance ou dans un autre groupement.<\/p>\n<p>Le choix entre une participation unique ou une coassurance doit \u00eatre exprim\u00e9 lors de la remise de l&rsquo;offre.<\/p>\n<p>Tant dans le cas des soci\u00e9t\u00e9s temporairement regroup\u00e9es, tant dans le cas de la coassurance, que dans le cas d&rsquo;une offre unique, la souscription de 100% des risques doit \u00eatre garantie, sous peine d&rsquo;exclusion de l&rsquo;appel d&rsquo;offres.<\/p>\n<ol start=\"250\">\n<li>C) Capacit\u00e9 \u00e9conomique et financi\u00e8re : l&rsquo;op\u00e9rateur \u00e9conomique doit avoir effectu\u00e9, au cours des trois derni\u00e8res ann\u00e9es 2018\/2020, une collecte globale de primes d&rsquo;assurance dans l&rsquo;ACTIVIT\u00c9 NON-VIE \u00e9gale au moins \u00e0 250 000,00 euros ;<\/li>\n<li>D) Comp\u00e9tences techniques et professionnelles : au cours des trois derni\u00e8res ann\u00e9es justifiables, l&rsquo;op\u00e9rateur doit avoir effectu\u00e9 des prestations relatives \u00e0 la m\u00eame Branche pour laquelle une offre est pr\u00e9sent\u00e9e en nombre d&rsquo;au moins 3 destinataires publics ou priv\u00e9s, dont le total annuel valeur est \u00e9gale ou sup\u00e9rieure au montant annuel bas\u00e9 sur l&rsquo;offre.<\/li>\n<\/ol>\n<p>&nbsp;<\/p>\n<ol start=\"5\">\n<li><strong>CONDITIONS DE PRESENTATION DES Manifestations D&rsquo;INTERET<\/strong><\/li>\n<\/ol>\n<p>Les op\u00e9rateurs \u00e9conomiques int\u00e9ress\u00e9s et en possession des exigences ci-dessus \u00e0 la date du pr\u00e9sent avis, peuvent exprimer leur int\u00e9r\u00eat \u00e0 \u00eatre invit\u00e9s \u00e0 la proc\u00e9dure de cession ult\u00e9rieure, en transmettant \u00e0 l&rsquo;adresse \u00e9lectronique certifi\u00e9e <a href=\"mailto:geacspa@legalmail.it\">geacspa@legalmail.it<\/a> la demande compl\u00e9t\u00e9e dans le mod\u00e8le d&rsquo;annexe (annexe 1)<\/p>\n<p>La date limite pour manifester son int\u00e9r\u00eat \u00e0 \u00eatre invit\u00e9 \u00e0 la prochaine s\u00e9lection est fix\u00e9e au 30 novembre 2021 \u00e0 12 heures.<\/p>\n<p>Pass\u00e9 le d\u00e9lai susmentionn\u00e9, aucune demande ne sera consid\u00e9r\u00e9e comme valable et GEAC SpA n&rsquo;assume aucune responsabilit\u00e9 pour les \u00e9ventuelles inefficacit\u00e9s li\u00e9es au r\u00e9seau.<\/p>\n<ol start=\"6\">\n<li><strong>AVIS DE PUBLICATION <\/strong><\/li>\n<\/ol>\n<p>Cette notice et le mod\u00e8le ci-joint sont disponibles en acc\u00e8s libre, direct et complet sur le site Internet de GEAC SpA : <a href=\"https:\/\/cuneoairport.com\">www.aeroporto.cuneo.it<\/a><\/p>\n<p>Cet avis est publi\u00e9 sur le site Internet de GEAC SpA pendant 15 jours cons\u00e9cutifs.<\/p>\n<p>Ceux qui ont manifest\u00e9 leur int\u00e9r\u00eat \u00e0 participer recevront la lettre d&rsquo;invitation \u00e0 la proc\u00e9dure n\u00e9goci\u00e9e et le dossier d&rsquo;appel d&rsquo;offres.<\/p>\n<p>GEAC SpA se r\u00e9serve le droit, si les d\u00e9clarations d&rsquo;int\u00e9r\u00eat ne sont pas suffisantes ou en tout cas si elle le juge n\u00e9cessaire, d&rsquo;int\u00e9grer dans la liste des participants des sujets en possession des conditions requises pour la participation. La proc\u00e9dure ult\u00e9rieure sera r\u00e9gie par le d\u00e9cret l\u00e9gislatif 50\/2016 et ses modifications ult\u00e9rieures.<\/p>\n<ol start=\"7\">\n<li><strong>RESPONSABLE DE LA PROC\u00c9DURE <\/strong><\/li>\n<\/ol>\n<p>Le responsable de la proc\u00e9dure est le Dr Anna Maria MILANESE &#8211; Directrice G\u00e9n\u00e9rale de GEAC SpA Pour toute information, les contacts sont les suivants :<\/p>\n<p>GEAC SpA : t\u00e9l. 0172 741519 mail: anna.collino@cuneoairport.com<\/p>\n<p>Courtier Aon spa : t\u00e9l. 0171\/071034 &#8211; e-mail \u2013anna.casu@aon.it<\/p>\n<p>&nbsp;<\/p>\n<ol start=\"8\">\n<li><strong>INFORMATION CONFORM\u00c9MENT \u00c0 L&rsquo;ART. 13 DE D. LGS.N. 196\/03 ET DU R\u00c8GLEMENT UE 2016\/679<\/strong><\/li>\n<\/ol>\n<p>Nous vous informons que les donn\u00e9es collect\u00e9es seront trait\u00e9es conform\u00e9ment \u00e0 la l\u00e9gislation en vigueur sur la protection des donn\u00e9es personnelles.<\/p>\n<p>Le traitement est effectu\u00e9 dans le but de confier le service d&rsquo;assurance en mati\u00e8re de Responsabilit\u00e9 Civile pour la gestion a\u00e9roportuaire de l&rsquo;Entit\u00e9 conform\u00e9ment \u00e0 l&rsquo;art. 6 par. 1 lettre f) du R\u00e8glement 2016\/679. Vos donn\u00e9es pourraient \u00e9ventuellement \u00eatre trait\u00e9es par des sujets priv\u00e9s et publics pour des activit\u00e9s instrumentales aux fins indiqu\u00e9es, que l&rsquo;entit\u00e9 utilisera en tant que sous-traitants. Les donn\u00e9es seront conserv\u00e9es pendant la dur\u00e9e n\u00e9cessaire \u00e0 la poursuite des finalit\u00e9s indiqu\u00e9es et dans le respect des obligations l\u00e9gales y aff\u00e9rentes. Vous pouvez faire valoir vos droits d&rsquo;acc\u00e8s, de rectification, d&rsquo;annulation et de limitation de traitement dans les cas pr\u00e9vus par la l\u00e9gislation en vigueur. Vous avez le droit de d\u00e9poser une plainte aupr\u00e8s de l&rsquo;Autorit\u00e9 de la protection de la vie priv\u00e9e si vous le jugez n\u00e9cessaire. Nous vous informons que la fourniture de donn\u00e9es est obligatoire et que les donn\u00e9es seront trait\u00e9es, m\u00eame avec des outils informatiques, exclusivement dans le cadre de la proc\u00e9dure pour laquelle elles sont effectu\u00e9es.<\/p>\n<p>Le responsable du traitement est GEAC SpA : que vous pouvez contacter \u00e0 l&rsquo;adresse e-mail suivante : privacy@cuneoairport.com<\/p>\n<p><em><strong>Levaldigi, le 12 novembre 2021<\/strong><\/em><\/p>\n<p>LE DIRECTEUR G\u00c9N\u00c9RAL<\/p>\n<p>Dr Anna Maria MILANESE<\/p>\n<p>&nbsp;<\/p>\n<p><strong>ACCESSOIRES DISPONIBLES<\/strong><\/p>\n<p><a href=\"https:\/\/cuneoairport.com\/wp-content\/uploads\/2021\/11\/Allegato-1-Modello-Istanza-2.pdf\">Annexe 1 &#8211; Formulaire de candidature<\/a><\/p>\n<h4><a href=\"https:\/\/cuneoairport.com\/wp-content\/uploads\/2021\/11\/AVVISO-PUBBLICO-1.pdf\">AVIS PUBLIC<\/a><\/h4>\n<p>&nbsp;<\/p>\n<p>&nbsp;<\/p>\n<p>[\/et_pb_text][\/et_pb_column][\/et_pb_row][\/et_pb_section]<\/p>\n","protected":false},"excerpt":{"rendered":"<p>EXPLORATION AVIS DE MANIFESTATION D&rsquo;INT\u00c9R\u00caT POUR LA PARTICIPATION \u00c0 LA PROC\u00c9DURE D&rsquo;ENTR\u00c9E AU SERVICE DE LA GARANTIE D&rsquo;ASSURANCE RESPONSABILIT\u00c9 CIVILE GESTION A\u00c9ROPORTUAIRE POUR LA P\u00c9RIODE DU 31.12. 2021 AT 31.12.2024 (article 36 alin\u00e9a 2 lettre b) D\u00e9cret-loi n.m. 50\/2016)<\/p>\n","protected":false},"author":3,"featured_media":0,"comment_status":"closed","ping_status":"open","sticky":false,"template":"","format":"standard","meta":{"_acf_changed":false,"_et_pb_use_builder":"on","_et_pb_old_content":"","_et_gb_content_width":"","footnotes":""},"categories":[74],"tags":[],"class_list":["post-9414","post","type-post","status-publish","format-standard","hentry","category-avis-publics-et-appels-doffres"],"acf":[],"_links":{"self":[{"href":"https:\/\/cuneoairport.com\/fr\/wp-json\/wp\/v2\/posts\/9414","targetHints":{"allow":["GET"]}}],"collection":[{"href":"https:\/\/cuneoairport.com\/fr\/wp-json\/wp\/v2\/posts"}],"about":[{"href":"https:\/\/cuneoairport.com\/fr\/wp-json\/wp\/v2\/types\/post"}],"author":[{"embeddable":true,"href":"https:\/\/cuneoairport.com\/fr\/wp-json\/wp\/v2\/users\/3"}],"replies":[{"embeddable":true,"href":"https:\/\/cuneoairport.com\/fr\/wp-json\/wp\/v2\/comments?post=9414"}],"version-history":[{"count":0,"href":"https:\/\/cuneoairport.com\/fr\/wp-json\/wp\/v2\/posts\/9414\/revisions"}],"wp:attachment":[{"href":"https:\/\/cuneoairport.com\/fr\/wp-json\/wp\/v2\/media?parent=9414"}],"wp:term":[{"taxonomy":"category","embeddable":true,"href":"https:\/\/cuneoairport.com\/fr\/wp-json\/wp\/v2\/categories?post=9414"},{"taxonomy":"post_tag","embeddable":true,"href":"https:\/\/cuneoairport.com\/fr\/wp-json\/wp\/v2\/tags?post=9414"}],"curies":[{"name":"wp","href":"https:\/\/api.w.org\/{rel}","templated":true}]}}