{"id":9410,"date":"2022-01-11T15:35:46","date_gmt":"2022-01-11T13:35:46","guid":{"rendered":"https:\/\/cuneoairport.com\/nouveau-vol-ryanair-depuis-laeroport-de-cuneo-a-partir-du-28-mars-nous-volons-vers-rome-fiumicino\/"},"modified":"2022-03-23T10:43:10","modified_gmt":"2022-03-23T08:43:10","slug":"nouveau-vol-ryanair-depuis-laeroport-de-cuneo-a-partir-du-28-mars-nous-volons-vers-rome-fiumicino","status":"publish","type":"post","link":"https:\/\/cuneoairport.com\/fr\/nouveau-vol-ryanair-depuis-laeroport-de-cuneo-a-partir-du-28-mars-nous-volons-vers-rome-fiumicino\/","title":{"rendered":"\u00c0 partir du 28 mars, nous nous envolons pour Rome Fiumicino"},"content":{"rendered":"<p>[et_pb_section fb_built=\u00a0\u00bb1&Prime; admin_label=\u00a0\u00bbsection\u00a0\u00bb _builder_version=\u00a0\u00bb3.22&Prime; global_colors_info=\u00a0\u00bb{}\u00a0\u00bb][et_pb_row admin_label=\u00a0\u00bbligne\u00a0\u00bb _builder_version=\u00a0\u00bb3.25&Prime; background_size=\u00a0\u00bbinitial\u00a0\u00bb background_position=\u00a0\u00bbtop_left\u00a0\u00bb background_repeat=\u00a0\u00bbrepeat\u00a0\u00bb global_colors_info=\u00a0\u00bb{}\u00a0\u00bb][et_pb_column type=\u00a0\u00bb4_4&Prime; _builder_version=\u00a0\u00bb3.25&Prime; custom_padding=\u00a0\u00bb|||\u00a0\u00bb global_colors_info=\u00a0\u00bb{}\u00a0\u00bb custom_padding__hover=\u00a0\u00bb|||\u00a0\u00bb][et_pb_text admin_label=\u00a0\u00bbText\u00a0\u00bb _builder_version=\u00a0\u00bb4.9.10&Prime; background_size=\u00a0\u00bbinitial\u00a0\u00bb background_position=\u00a0\u00bbtop_left\u00a0\u00bb background_repeat=\u00a0\u00bbrepeat\u00a0\u00bb global_colors_info=\u00a0\u00bb{}\u00a0\u00bb]<\/p>\n<div id=\"content\" class=\"eightcol\">\n<div class=\"content_inn\">\n<div class=\"post-head\">\n<div class=\"meta_single meta_deko\">\n<h4 class=\"meta \"><span class=\"post-date\">25 NOVEMBRE 2021 <span class=\"divider\">\u2022<\/span><\/span> <span class=\"categs\">A\u00c9ROPORT DE CUNEO<\/span><\/h4>\n<\/div>\n<h2 class=\"entry-title p-border\">Nouveau vol Ryanair depuis l&rsquo;a\u00e9roport de Cuneo : \u00e0 partir du 28 mars, nous volons vers Rome Fiumicino<\/h2>\n<div class=\"tmnf_excerpt\">\n<p>Quatre fr\u00e9quences par semaine sont programm\u00e9es avec le d\u00e9but de la saison estivale 2022<\/p>\n<\/div>\n<\/div>\n<div class=\"entry\">\n<p><strong>\u00c0 partir du 28 mars prochain, co\u00efncidant avec le d\u00e9but de la saison estivale 2022, depuis l&rsquo;a\u00e9roport de Cuneo, il sera possible de voler avec Ryanair, la premi\u00e8re compagnie a\u00e9rienne en Italie et en Europe, jusqu&rsquo;\u00e0 l&rsquo;a\u00e9roport de Rome Fiumicino. La nouvelle liaison avec la capitale, avec quatre fr\u00e9quences hebdomadaires les lundis, mercredis, jeudis et vendredis, repr\u00e9sente la quatri\u00e8me destination propos\u00e9e par la compagnie irlandaise sur l&rsquo;a\u00e9roport de Cuneo apr\u00e8s Cagliari, Bari et Palerme. Les informations sur les horaires et les achats de billets sont disponibles sur le site www.ryanair.com <\/strong><\/p>\n<p>\u00ab Nous accueillons cette nouvelle ligne Ryanair avec une grande satisfaction &#8211; d\u00e9clare <strong>Anna Milanese<\/strong> , directrice g\u00e9n\u00e9rale de l&rsquo;a\u00e9roport de Cuneo -. La connexion \u00e0 un hub important tel que l&rsquo;a\u00e9roport de Rome Fiumicino, une route qui a toujours \u00e9t\u00e9 tr\u00e8s demand\u00e9e par les utilisateurs de Cuneo pour des raisons d&rsquo;affaires ainsi que touristiques, repr\u00e9sente une passerelle vers le monde pour nos passagers qui peuvent continuer \u00e0 partir de l\u00e0 vers d&rsquo;autres destinations. Nous remercions Ryanair d&rsquo;avoir \u00e0 nouveau soutenu nos demandes et d&rsquo;avoir agrandi le r\u00e9seau desservi par Cuneo \u00bb.<\/p>\n<p><strong>Jason McGuinness<\/strong> , directeur commercial de Ryanair, a d\u00e9clar\u00e9 : \u00ab Ryanair, la premi\u00e8re compagnie a\u00e9rienne d&rsquo;Europe, s&rsquo;est engag\u00e9e \u00e0 reconstruire les secteurs de l&rsquo;aviation et du tourisme en Europe tout en continuant \u00e0 renforcer et \u00e0 d\u00e9velopper son r\u00e9seau pour transporter 225 millions de passagers par an d&rsquo;ici 2026. Nous sommes ravis de continuer \u00e0 travailler avec l&rsquo;a\u00e9roport de Cuneo pour permettre \u00e0 tous nos clients d&rsquo;atteindre leurs destinations de vacances pr\u00e9f\u00e9r\u00e9es l&rsquo;\u00e9t\u00e9 prochain, y compris la nouvelle route Cuneo-Rome \u00bb.<\/p>\n<div class=\"clearfix\"><\/div>\n<div class=\"post-tags\"><a href=\"https:\/\/www.autorivari.com\/concorso-vola-con-noi-sorteggiati-i-vincitori-delliniziativa-che-ha-messo-in-palio-voli-dallaeroporto-di-cuneo-levaldigi\/\" target=\"_blank\" rel=\"noopener\">SOURCE : Autorivari.com<\/a><\/div>\n<div class=\"post-tags\"><a class=\"category-button\" href=\"https:\/\/www.autorivari.com\/aeroporto-cuneo\">Toutes les actualit\u00e9s de l&rsquo;a\u00e9roport de Cuneo<\/a><\/div>\n<div class=\"post-tags\"><\/div>\n<\/div>\n<\/div>\n<\/div>\n<p>&nbsp;<\/p>\n<p>[\/et_pb_text][\/et_pb_column][\/et_pb_row][\/et_pb_section]<\/p>\n","protected":false},"excerpt":{"rendered":"<p>25 NOVEMBRE 2021 \u2022 A\u00c9ROPORT DE CUNEO Nouveau vol Ryanair depuis l&rsquo;a\u00e9roport de Cuneo : \u00e0 partir du 28 mars, nous volons vers Rome Fiumicino Quatre fr\u00e9quences par semaine sont programm\u00e9es avec le d\u00e9but de la saison estivale 2022 \u00c0 partir du 28 mars prochain, co\u00efncidant avec le d\u00e9but de la saison estivale 2022, depuis [&hellip;]<\/p>\n","protected":false},"author":3,"featured_media":9127,"comment_status":"closed","ping_status":"open","sticky":false,"template":"","format":"standard","meta":{"_acf_changed":false,"_et_pb_use_builder":"on","_et_pb_old_content":"","_et_gb_content_width":"","footnotes":""},"categories":[42,39],"tags":[],"class_list":["post-9410","post","type-post","status-publish","format-standard","has-post-thumbnail","hentry","category-comunicati-stampa","category-news"],"acf":[],"_links":{"self":[{"href":"https:\/\/cuneoairport.com\/fr\/wp-json\/wp\/v2\/posts\/9410","targetHints":{"allow":["GET"]}}],"collection":[{"href":"https:\/\/cuneoairport.com\/fr\/wp-json\/wp\/v2\/posts"}],"about":[{"href":"https:\/\/cuneoairport.com\/fr\/wp-json\/wp\/v2\/types\/post"}],"author":[{"embeddable":true,"href":"https:\/\/cuneoairport.com\/fr\/wp-json\/wp\/v2\/users\/3"}],"replies":[{"embeddable":true,"href":"https:\/\/cuneoairport.com\/fr\/wp-json\/wp\/v2\/comments?post=9410"}],"version-history":[{"count":0,"href":"https:\/\/cuneoairport.com\/fr\/wp-json\/wp\/v2\/posts\/9410\/revisions"}],"wp:featuredmedia":[{"embeddable":true,"href":"https:\/\/cuneoairport.com\/fr\/wp-json\/wp\/v2\/media\/9127"}],"wp:attachment":[{"href":"https:\/\/cuneoairport.com\/fr\/wp-json\/wp\/v2\/media?parent=9410"}],"wp:term":[{"taxonomy":"category","embeddable":true,"href":"https:\/\/cuneoairport.com\/fr\/wp-json\/wp\/v2\/categories?post=9410"},{"taxonomy":"post_tag","embeddable":true,"href":"https:\/\/cuneoairport.com\/fr\/wp-json\/wp\/v2\/tags?post=9410"}],"curies":[{"name":"wp","href":"https:\/\/api.w.org\/{rel}","templated":true}]}}