{"id":5476,"date":"2021-08-30T20:13:13","date_gmt":"2021-08-30T18:13:13","guid":{"rendered":"https:\/\/cuneoairport.com\/nuovosito\/air-dolomiti-reliera-laeroport-de-cuneo-a-munich\/"},"modified":"2021-08-30T20:13:25","modified_gmt":"2021-08-30T18:13:25","slug":"air-dolomiti-reliera-laeroport-de-cuneo-a-munich","status":"publish","type":"post","link":"https:\/\/cuneoairport.com\/fr\/air-dolomiti-reliera-laeroport-de-cuneo-a-munich\/","title":{"rendered":"Air Dolomiti reliera l&rsquo;a\u00e9roport de Cuneo \u00e0 Munich"},"content":{"rendered":"<div class=\"post-head\">\n<div class=\"meta_single meta_deko\">\n<h5 class=\"meta \"><span class=\"post-date\">25 AOT 2020<span class=\"divider\"> \u2022<\/span><\/span><strong><span class=\"categs\"><a href=\"https:\/\/www.autorivari.com\/cliente\/aeroporto-cuneo\/\" rel=\"category tag\"> A\u00c9ROPORT DE CUNEO<\/a><\/span><\/strong><\/h5>\n<\/div>\n<h2 class=\"entry-title p-border\"><strong>Air Dolomiti reliera l&rsquo;a\u00e9roport de Cuneo \u00e0 Munich<\/strong><\/h2>\n<div class=\"tmnf_excerpt\">\n<p>A partir de novembre prochain, la compagnie a\u00e9rienne italienne du groupe Lufthansa proposera de nouveaux vols depuis l&rsquo;a\u00e9roport pi\u00e9montais vers le hub international bavarois.<\/p>\n<\/div>\n<\/div>\n<div class=\"entry\">\n<p><strong>Air Dolomites,<\/strong> La compagnie a\u00e9rienne italienne du groupe Lufthansa, annonce un<strong> nouveau lien<\/strong> de l&rsquo;a\u00e9roport de<strong> Coni pour Monaco<\/strong><strong> de Bavi\u00e8re<\/strong> .<br \/>\n<strong>\u00c0 partir du 16 novembre<\/strong> les vols reliant l&rsquo;a\u00e9roport du Pi\u00e9mont \u00e0 l&rsquo;un des principaux hubs europ\u00e9ens seront op\u00e9rationnels,<strong> dix fr\u00e9quences hebdomadaires<\/strong> fonctionnent en partage de code Lufthansa, du lundi au vendredi aux heures suivantes :<\/p>\n<p>Lundi<br \/>\n<strong>Munich &#8211; Coni<\/strong> 17h50 &#8211; 19h10<br \/>\n<strong>Coni &#8211; Munich<\/strong> 19h50 &#8211; 21h10<\/p>\n<p>Mardi<br \/>\n<strong>Munich &#8211; Coni<\/strong> 08h00 &#8211; 09h20<br \/>\n<strong>Coni &#8211; Munich<\/strong> 10h00 &#8211; 11h20<\/p>\n<p>Mercredi<br \/>\n<strong>Coni &#8211; Munich<\/strong> 17h50 &#8211; 19h10<br \/>\n<strong>Munich &#8211; Coni<\/strong> 19h50 &#8211; 21h10<\/p>\n<p>jeudi<br \/>\n<strong>Munich &#8211; Coni<\/strong> 08h00 &#8211; 09h20<br \/>\n<strong>Coni &#8211; Munich<\/strong> 10h00 &#8211; 11h20<\/p>\n<p>vendredi<br \/>\n<strong>Munich &#8211; Coni<\/strong> 17h50 &#8211; 19h10<br \/>\n<strong>Coni &#8211; Munich<\/strong> 19h50 &#8211; 21h10<\/p>\n<p>Pour tous les vols, la compagnie propose des tarifs de d\u00e9part <strong>\u00e0 partir de 109 \u20ac aller-retour taxes et suppl\u00e9ments inclus.<br \/>\n<\/strong>Pour favoriser une reprise plus rapide des voyages, Air Dolomiti souhaite faciliter la t\u00e2che des passagers en proposant des conditions de changement de r\u00e9servation flexibles : avec un suppl\u00e9ment de 70 euros, il sera \u00e9galement possible de modifier les tarifs Economy Light et Business Saver.<br \/>\n\u00ab\u00a0<em> Avec les vols au d\u00e9part de Cuneo, nous \u00e9largissons notre panel d&rsquo;offres sur le hub de Munich<\/em> \u00a0\u00bb il pr\u00e9tend<strong> Joerg Eberhart<\/strong> Pr\u00e9sident-directeur g\u00e9n\u00e9ral d&rsquo;Air Dolomiti. \u00ab\u00a0<em>Notre activit\u00e9 reprend donc en proposant de nouvelles liaisons depuis des a\u00e9roports que nous ne desservions pas jusqu&rsquo;\u00e0 pr\u00e9sent. C&rsquo;est-\u00e0-dire <\/em><em>repr\u00e9sente un signe positif et une excellente opportunit\u00e9 pour les passagers qui b\u00e9n\u00e9ficieront de liaisons directes avec la Bavi\u00e8re, mais aussi d&rsquo;atteindre d&rsquo;autres destinations gr\u00e2ce aux multiples liaisons offertes par Lufthansa \u00bb.<br \/>\n<\/em><em>\u00ab\u00a0Le projet de relier l&rsquo;a\u00e9roport de Cuneo \u00e0 un hub international tel que Munich est le r\u00e9sultat d&rsquo;un long travail d&rsquo;\u00e9quipe dans lequel le tissu \u00e9conomique entrepreneurial de notre territoire a \u00e9t\u00e9 le protagoniste\u00a0\u00bb<\/em> il pr\u00e9tend <strong>Giuseppe Viriglio<\/strong> , pr\u00e9sident de Geac Spa.<em> \u00ab Cuneo croyait fermement en l&rsquo;a\u00e9roport et comprenait la n\u00e9cessit\u00e9 strat\u00e9gique d&rsquo;\u00e9largir les horizons pour d\u00e9coller et \u00e9largir son champ d&rsquo;action \u00e0 travers le monde. Nous remercions Air Dolomiti et l&rsquo;ensemble du groupe Lufthansa pour la confiance qu&rsquo;ils ont plac\u00e9e dans le potentiel de notre a\u00e9roport \u00bb.<\/em><\/p>\n<p><em><br \/>\n<\/em>Toutes les informations et mises \u00e0 jour sont disponibles sur le site<a href=\"http:\/\/www.airdolomiti.it\/\"> www.airdolomiti.it<\/a> et sur les pages sociales de la Soci\u00e9t\u00e9.<\/p>\n<p><a href=\"https:\/\/www.autorivari.com\/air-dolomiti-colleghera-laeroporto-di-cuneo-con-monaco-di-baviera\/\">LA SOURCE<\/a><\/p>\n<\/div>\n","protected":false},"excerpt":{"rendered":"<p>25 AOT 2020 \u2022 A\u00c9ROPORT DE CUNEO Air Dolomiti reliera l&rsquo;a\u00e9roport de Cuneo \u00e0 Munich A partir de novembre prochain, la compagnie a\u00e9rienne italienne du groupe Lufthansa proposera de nouveaux vols depuis l&rsquo;a\u00e9roport pi\u00e9montais vers le hub international bavarois. Air Dolomites, La compagnie a\u00e9rienne italienne du groupe Lufthansa, annonce un nouveau lien de l&rsquo;a\u00e9roport de [&hellip;]<\/p>\n","protected":false},"author":1,"featured_media":0,"comment_status":"closed","ping_status":"open","sticky":false,"template":"","format":"standard","meta":{"_acf_changed":false,"_et_pb_use_builder":"","_et_pb_old_content":"","_et_gb_content_width":"","footnotes":""},"categories":[71],"tags":[],"class_list":["post-5476","post","type-post","status-publish","format-standard","hentry","category-communiques-de-presse"],"acf":[],"_links":{"self":[{"href":"https:\/\/cuneoairport.com\/fr\/wp-json\/wp\/v2\/posts\/5476","targetHints":{"allow":["GET"]}}],"collection":[{"href":"https:\/\/cuneoairport.com\/fr\/wp-json\/wp\/v2\/posts"}],"about":[{"href":"https:\/\/cuneoairport.com\/fr\/wp-json\/wp\/v2\/types\/post"}],"author":[{"embeddable":true,"href":"https:\/\/cuneoairport.com\/fr\/wp-json\/wp\/v2\/users\/1"}],"replies":[{"embeddable":true,"href":"https:\/\/cuneoairport.com\/fr\/wp-json\/wp\/v2\/comments?post=5476"}],"version-history":[{"count":0,"href":"https:\/\/cuneoairport.com\/fr\/wp-json\/wp\/v2\/posts\/5476\/revisions"}],"wp:attachment":[{"href":"https:\/\/cuneoairport.com\/fr\/wp-json\/wp\/v2\/media?parent=5476"}],"wp:term":[{"taxonomy":"category","embeddable":true,"href":"https:\/\/cuneoairport.com\/fr\/wp-json\/wp\/v2\/categories?post=5476"},{"taxonomy":"post_tag","embeddable":true,"href":"https:\/\/cuneoairport.com\/fr\/wp-json\/wp\/v2\/tags?post=5476"}],"curies":[{"name":"wp","href":"https:\/\/api.w.org\/{rel}","templated":true}]}}