{"id":4164,"date":"2021-08-30T17:36:53","date_gmt":"2021-08-30T15:36:53","guid":{"rendered":"https:\/\/cuneoairport.com\/nuovosito\/palerme\/"},"modified":"2025-02-26T14:49:13","modified_gmt":"2025-02-26T13:49:13","slug":"palerme","status":"publish","type":"post","link":"https:\/\/cuneoairport.com\/fr\/palerme\/","title":{"rendered":"Palermo"},"content":{"rendered":"<p>[et_pb_section fb_built=\u00a0\u00bb1&Prime; admin_label=\u00a0\u00bbsection\u00a0\u00bb _builder_version=\u00a0\u00bb4.16&Prime; custom_padding=\u00a0\u00bb||3px|||\u00a0\u00bb global_colors_info=\u00a0\u00bb{}\u00a0\u00bb][et_pb_row column_structure=\u00a0\u00bb2_5,3_5&Prime; _builder_version=\u00a0\u00bb4.16&Prime; background_size=\u00a0\u00bbinitial\u00a0\u00bb background_position=\u00a0\u00bbtop_left\u00a0\u00bb background_repeat=\u00a0\u00bbrepeat\u00a0\u00bb width=\u00a0\u00bb100%\u00a0\u00bb min_height=\u00a0\u00bb670.4px\u00a0\u00bb custom_margin=\u00a0\u00bb-49px|auto|-15px|auto||\u00a0\u00bb custom_padding=\u00a0\u00bb0px||0px|||\u00a0\u00bb global_colors_info=\u00a0\u00bb{}\u00a0\u00bb][et_pb_column type=\u00a0\u00bb2_5&Prime; _builder_version=\u00a0\u00bb4.16&Prime; custom_padding=\u00a0\u00bb|||\u00a0\u00bb global_colors_info=\u00a0\u00bb{}\u00a0\u00bb custom_padding__hover=\u00a0\u00bb|||\u00a0\u00bb][et_pb_text _builder_version=\u00a0\u00bb4.16&Prime; background_size=\u00a0\u00bbinitial\u00a0\u00bb background_position=\u00a0\u00bbtop_left\u00a0\u00bb background_repeat=\u00a0\u00bbrepeat\u00a0\u00bb width=\u00a0\u00bb100%\u00a0\u00bb min_height=\u00a0\u00bb503.1px\u00a0\u00bb overflow-x=\u00a0\u00bbvisible\u00a0\u00bb custom_margin=\u00a0\u00bb-1px|-50px||||\u00a0\u00bb custom_padding=\u00a0\u00bb|0px||||\u00a0\u00bb global_colors_info=\u00a0\u00bb{}\u00a0\u00bb]<\/p>\n<p style=\"text-align: justify\"><b>Palerme<\/b><span style=\"font-weight: 400\">c&rsquo;est l&rsquo;une des perles incontest\u00e9es de la Sicile, ce n&rsquo;est pas un hasard si elle a \u00e9t\u00e9 d\u00e9cr\u00e9t\u00e9<strong> capitale de la culture en 2018<\/strong> , plein d&rsquo;attraits,<\/span> <span style=\"font-weight: 400\">les monuments,<\/span><span style=\"font-weight: 400\"> histoire, traditions,<\/span><span style=\"font-weight: 400\"> \u00e9glises, \u0153uvres d&rsquo;art, ruelles color\u00e9es et bonne bouffe,<\/span><span style=\"font-weight: 400\"> il est id\u00e9al en toute saison gr\u00e2ce \u00e0 son beau climat toute l&rsquo;ann\u00e9e !<\/span><span style=\"font-weight: 400\">La visite de ses principaux<strong> march\u00e9s, Vucciria, Ballar\u00f2, Capo<\/strong> , \u00e0 l&rsquo;\u00e9coute des caract\u00e9ristiques \u00ab\u00a0<\/span><i><span style=\"font-weight: 400\">abbainat<\/span><\/i><span style=\"font-weight: 400\">\u00bb, les appels bruyants lanc\u00e9s par les propri\u00e9taires des comptoirs, et la d\u00e9gustation de ses<strong> culture gastronomique entre street food, arancine, cannoli, granit, trattorias traditionnelles<\/strong> \u00e7a ne peut pas manquer<\/span> <span style=\"font-weight: 400\">si vous voulez bien comprendre l&rsquo;\u00e2me de la ville ! <\/span><span style=\"font-weight: 400\">Palerme n&rsquo;est \u00e9galement <strong>pas loin de villages, consid\u00e9r\u00e9s parmi les plus beaux d&rsquo;Italie,<\/strong> comme les magnifiques Cefal\u00f9 et Monreale. De la ville, vous pouvez \u00e9galement rejoindre facilement le site arch\u00e9ologique grec de S\u00e9geste, d&rsquo;une valeur inestimable, Castellammare, Scopello, San Vito lo Capo &#8230; <\/span><\/p>\n<p>[\/et_pb_text][et_pb_text _builder_version=\u00a0\u00bb4.16&Prime; _module_preset=\u00a0\u00bbdefault\u00a0\u00bb custom_padding=\u00a0\u00bb|0px||0px||\u00a0\u00bb global_colors_info=\u00a0\u00bb{}\u00a0\u00bb]<\/p>\n<h4 style=\"text-align: center\"><strong>Ne manquez pas un voyage \u00e0 travers la tradition et les m\u00e9langes de cultures, des produits typiques de la r\u00e9gion et d&rsquo;Afrique du Nord et du Moyen-Orient, un triomphe de couleurs. Ici, vous pouvez respirer la M\u00e9diterran\u00e9e !<\/strong><\/h4>\n<p>[\/et_pb_text][\/et_pb_column][et_pb_column type=\u00a0\u00bb3_5&Prime; _builder_version=\u00a0\u00bb4.16&Prime; _module_preset=\u00a0\u00bbdefault\u00a0\u00bb global_colors_info=\u00a0\u00bb{}\u00a0\u00bb][et_pb_text _builder_version=\u00a0\u00bb4.16&Prime; _module_preset=\u00a0\u00bbdefault\u00a0\u00bb custom_margin=\u00a0\u00bb||63px|||\u00a0\u00bb link_option_url=\u00a0\u00bbhttps:\/\/www.ryanair.com\/flights\/it\/it\/voli-a-cuneo\u00a0\u00bb global_colors_info=\u00a0\u00bb{}\u00a0\u00bb]<\/p>\n<table style=\"height: 65px; width: 100%; border-collapse: collapse;\" border=\"0\">\n<tbody>\n<tr style=\"height: 65px;\">\n<td style=\"width: 25.6183%; height: 65px;\">\n<h4 style=\"text-align: right;\">FONCTIONNANT PAR<\/h4>\n<\/td>\n<td style=\"width: 74.3817%; height: 65px;\"><img loading=\"lazy\" decoding=\"async\" class=\"wp-image-7475 alignnone size-medium\" style=\"float: left;\" src=\"https:\/\/cuneoairport.com\/wp-content\/uploads\/2021\/09\/Ryanair_logo-300x41.png\" alt=\"\" width=\"300\" height=\"41\" \/><\/td>\n<\/tr>\n<\/tbody>\n<\/table>\n<p>[\/et_pb_text][et_pb_gallery gallery_ids=\u00a0\u00bb7624,7627,7630,7621,7633&Prime; fullwidth=\u00a0\u00bbon\u00a0\u00bb _builder_version=\u00a0\u00bb4.16&Prime; _module_preset=\u00a0\u00bbdefault\u00a0\u00bb background_layout=\u00a0\u00bbdark\u00a0\u00bb width=\u00a0\u00bb100%\u00a0\u00bb min_height=\u00a0\u00bb277.5px\u00a0\u00bb custom_margin=\u00a0\u00bb-54px|||||\u00a0\u00bb custom_padding=\u00a0\u00bb1px||2px|||\u00a0\u00bb animation_style=\u00a0\u00bbfade\u00a0\u00bb auto=\u00a0\u00bbon\u00a0\u00bb auto_speed=\u00a0\u00bb5000&Prime; hover_transition_speed_curve=\u00a0\u00bbease-in-out\u00a0\u00bb global_colors_info=\u00a0\u00bb{}\u00a0\u00bb][\/et_pb_gallery][et_pb_button button_url=\u00a0\u00bbhttps:\/\/www.ryanair.com\/flights\/it\/it\/voli-a-cuneo\u00a0\u00bb url_new_window=\u00a0\u00bbon\u00a0\u00bb button_text=\u00a0\u00bbACHETEZ MAINTENANT SUR RYANAIR\u00a0\u00bb button_alignment=\u00a0\u00bbcenter\u00a0\u00bb _builder_version=\u00a0\u00bb4.16&Prime; _module_preset=\u00a0\u00bbdefault\u00a0\u00bb custom_button=\u00a0\u00bbon\u00a0\u00bb button_text_size=\u00a0\u00bb30px\u00a0\u00bb button_bg_enable_image=\u00a0\u00bboff\u00a0\u00bb button_bg_size=\u00a0\u00bbcontain\u00a0\u00bb button_bg_position=\u00a0\u00bbbottom_center\u00a0\u00bb button_bg_blend=\u00a0\u00bboverlay\u00a0\u00bb custom_margin=\u00a0\u00bb50px|||||\u00a0\u00bb global_colors_info=\u00a0\u00bb{}\u00a0\u00bb][\/et_pb_button][\/et_pb_column][\/et_pb_row][\/et_pb_section]<\/p>\n","protected":false},"excerpt":{"rendered":"<p>Palermec&rsquo;est l&rsquo;une des perles incontest\u00e9es de la Sicile, ce n&rsquo;est pas un hasard si elle a \u00e9t\u00e9 d\u00e9cr\u00e9t\u00e9 capitale de la culture en 2018 , plein d&rsquo;attraits, les monuments, histoire, traditions, \u00e9glises, \u0153uvres d&rsquo;art, ruelles color\u00e9es et bonne bouffe, il est id\u00e9al en toute saison gr\u00e2ce \u00e0 son beau climat toute l&rsquo;ann\u00e9e !La visite de [&hellip;]<\/p>\n","protected":false},"author":3,"featured_media":4905,"comment_status":"closed","ping_status":"open","sticky":true,"template":"","format":"standard","meta":{"_acf_changed":false,"_et_pb_use_builder":"on","_et_pb_old_content":"","_et_gb_content_width":"","footnotes":""},"categories":[70],"tags":[],"class_list":["post-4164","post","type-post","status-publish","format-standard","has-post-thumbnail","hentry","category-destinations-fr"],"acf":[],"_links":{"self":[{"href":"https:\/\/cuneoairport.com\/fr\/wp-json\/wp\/v2\/posts\/4164","targetHints":{"allow":["GET"]}}],"collection":[{"href":"https:\/\/cuneoairport.com\/fr\/wp-json\/wp\/v2\/posts"}],"about":[{"href":"https:\/\/cuneoairport.com\/fr\/wp-json\/wp\/v2\/types\/post"}],"author":[{"embeddable":true,"href":"https:\/\/cuneoairport.com\/fr\/wp-json\/wp\/v2\/users\/3"}],"replies":[{"embeddable":true,"href":"https:\/\/cuneoairport.com\/fr\/wp-json\/wp\/v2\/comments?post=4164"}],"version-history":[{"count":8,"href":"https:\/\/cuneoairport.com\/fr\/wp-json\/wp\/v2\/posts\/4164\/revisions"}],"predecessor-version":[{"id":17954,"href":"https:\/\/cuneoairport.com\/fr\/wp-json\/wp\/v2\/posts\/4164\/revisions\/17954"}],"wp:featuredmedia":[{"embeddable":true,"href":"https:\/\/cuneoairport.com\/fr\/wp-json\/wp\/v2\/media\/4905"}],"wp:attachment":[{"href":"https:\/\/cuneoairport.com\/fr\/wp-json\/wp\/v2\/media?parent=4164"}],"wp:term":[{"taxonomy":"category","embeddable":true,"href":"https:\/\/cuneoairport.com\/fr\/wp-json\/wp\/v2\/categories?post=4164"},{"taxonomy":"post_tag","embeddable":true,"href":"https:\/\/cuneoairport.com\/fr\/wp-json\/wp\/v2\/tags?post=4164"}],"curies":[{"name":"wp","href":"https:\/\/api.w.org\/{rel}","templated":true}]}}