{"id":4156,"date":"2021-08-30T17:36:38","date_gmt":"2021-08-30T15:36:38","guid":{"rendered":"https:\/\/cuneoairport.com\/nuovosito\/ryanair-annonce-lextension-de-la-liaison-cuneo-bari-pour-lhiver-2020\/"},"modified":"2021-08-30T20:17:02","modified_gmt":"2021-08-30T18:17:02","slug":"ryanair-annonce-lextension-de-la-liaison-cuneo-bari-pour-lhiver-2020","status":"publish","type":"post","link":"https:\/\/cuneoairport.com\/fr\/ryanair-annonce-lextension-de-la-liaison-cuneo-bari-pour-lhiver-2020\/","title":{"rendered":"Ryanair annonce l&rsquo;extension de la liaison Cuneo-Bari pour l&rsquo;hiver 2020"},"content":{"rendered":"<h5><span style=\"font-weight: 400;\">27 JUILLET 2020 \u2022<\/span><b> A\u00c9ROPORT DE CUNEO<\/b><\/h5>\n<h2><b>Ryanair annonce l&rsquo;extension de la liaison Cuneo-Bari pour l&rsquo;hiver 2020<\/b><\/h2>\n<p><span style=\"font-weight: 400;\">Ryanair a annonc\u00e9 l&rsquo;extension de la liaison Cuneo-Bari<\/span><\/p>\n<p><span style=\"font-weight: 400;\">Ryanair, la compagnie a\u00e9rienne num\u00e9ro un en Italie et en Europe, a le plaisir d&rsquo;annoncer aujourd&rsquo;hui 27 juillet l&rsquo;extension de la liaison Cuneo-Bari qui, dans le cadre de l&rsquo;op\u00e9ration programm\u00e9e hiver 2020 de Ryanair, fonctionnera \u00e0 partir d&rsquo;octobre avec un service hebdomadaire (tous les samedis ).<\/span><\/p>\n<p><span style=\"font-weight: 400;\">Les passagers italiens peuvent d\u00e9sormais r\u00e9server leurs vacances jusqu&rsquo;en mars 2021, en voyageant avec les tarifs les plus bas et un nouvel ensemble de mesures sanitaires que Ryanair a mises en place pour prot\u00e9ger ses clients et ses \u00e9quipages.<\/span><\/p>\n<p><span style=\"font-weight: 400;\">Pour c\u00e9l\u00e9brer l&rsquo;extension de la liaison Cuneo-Bari, Ryanair a mis en vente des billets \u00e0 partir de seulement 29,99 \u20ac, pour voyager jusqu&rsquo;en octobre 2020, qui doivent \u00eatre r\u00e9serv\u00e9s avant minuit mercredi (29 juillet), uniquement sur le site Ryanair.com.<\/span><\/p>\n<p><b>Chiara Ravara<\/b><span style=\"font-weight: 400;\"> &#8211; Le responsable des communications internationales de Ryanair &#8211; a d\u00e9clar\u00e9 :<\/span> <i><span style=\"font-weight: 400;\">\u00ab Ryanair est ravie d&rsquo;\u00e9tendre la liaison Cuneo-Bari, \u00e0 partir d&rsquo;octobre, dans le cadre de son op\u00e9ration hiver 2020. Les clients de Cuneo peuvent d\u00e9sormais r\u00e9server des vols vers Bari jusqu&rsquo;en mars 2021. Pour c\u00e9l\u00e9brer l&rsquo;extension de cette route, op\u00e9r\u00e9e chaque semaine, nous ont lanc\u00e9 une offre sp\u00e9ciale avec des tarifs \u00e0 partir de seulement 29,99 \u20ac par trajet pour les voyages cet \u00e9t\u00e9, qui doivent \u00eatre r\u00e9serv\u00e9s avant le mercredi 29 juillet \u00e0 minuit. Comme ces tarifs incroyables expireront rapidement, nous encourageons les clients \u00e0 se connecter sur www.ryanair.com et \u00e0 r\u00e9server leur voyage avec nous d\u00e8s aujourd&rsquo;hui ! \u00ab\u00a0<\/span><\/i><\/p>\n<p><b>Anna Milanaise <\/b><span style=\"font-weight: 400;\">&#8211; Directeur g\u00e9n\u00e9ral de l&rsquo;a\u00e9roport de Cuneo &#8211; a d\u00e9clar\u00e9 : <\/span><i><span style=\"font-weight: 400;\">\u00ab Dans une ann\u00e9e particuli\u00e8re comme celle-ci, la confirmation du vol vers Bari pour la saison hivernale nous rend tr\u00e8s heureux. Le tourisme entrant sur notre territoire en profitera certainement. Je remercie Ryanair pour la confiance dans le march\u00e9 de Cuneo, qui en p\u00e9riode automne-hiver exprime son meilleur potentiel \u00bb.<\/span><\/i><\/p>\n<p><a href=\"https:\/\/www.autorivari.com\/ryanair-annuncia-lestensione-del-collegamento-cuneo-bari-per-linverno-2020\/\">LA SOURCE<\/a><\/p>\n","protected":false},"excerpt":{"rendered":"<p>27 JUILLET 2020 \u2022 A\u00c9ROPORT DE CUNEO Ryanair annonce l&rsquo;extension de la liaison Cuneo-Bari pour l&rsquo;hiver 2020 Ryanair a annonc\u00e9 l&rsquo;extension de la liaison Cuneo-Bari Ryanair, la compagnie a\u00e9rienne num\u00e9ro un en Italie et en Europe, a le plaisir d&rsquo;annoncer aujourd&rsquo;hui 27 juillet l&rsquo;extension de la liaison Cuneo-Bari qui, dans le cadre de l&rsquo;op\u00e9ration programm\u00e9e [&hellip;]<\/p>\n","protected":false},"author":1,"featured_media":0,"comment_status":"closed","ping_status":"open","sticky":false,"template":"","format":"standard","meta":{"_acf_changed":false,"_et_pb_use_builder":"","_et_pb_old_content":"","_et_gb_content_width":"","footnotes":""},"categories":[71],"tags":[],"class_list":["post-4156","post","type-post","status-publish","format-standard","hentry","category-communiques-de-presse"],"acf":[],"_links":{"self":[{"href":"https:\/\/cuneoairport.com\/fr\/wp-json\/wp\/v2\/posts\/4156","targetHints":{"allow":["GET"]}}],"collection":[{"href":"https:\/\/cuneoairport.com\/fr\/wp-json\/wp\/v2\/posts"}],"about":[{"href":"https:\/\/cuneoairport.com\/fr\/wp-json\/wp\/v2\/types\/post"}],"author":[{"embeddable":true,"href":"https:\/\/cuneoairport.com\/fr\/wp-json\/wp\/v2\/users\/1"}],"replies":[{"embeddable":true,"href":"https:\/\/cuneoairport.com\/fr\/wp-json\/wp\/v2\/comments?post=4156"}],"version-history":[{"count":0,"href":"https:\/\/cuneoairport.com\/fr\/wp-json\/wp\/v2\/posts\/4156\/revisions"}],"wp:attachment":[{"href":"https:\/\/cuneoairport.com\/fr\/wp-json\/wp\/v2\/media?parent=4156"}],"wp:term":[{"taxonomy":"category","embeddable":true,"href":"https:\/\/cuneoairport.com\/fr\/wp-json\/wp\/v2\/categories?post=4156"},{"taxonomy":"post_tag","embeddable":true,"href":"https:\/\/cuneoairport.com\/fr\/wp-json\/wp\/v2\/tags?post=4156"}],"curies":[{"name":"wp","href":"https:\/\/api.w.org\/{rel}","templated":true}]}}