{"id":4129,"date":"2021-08-30T16:22:45","date_gmt":"2021-08-30T14:22:45","guid":{"rendered":"https:\/\/cuneoairport.com\/nuovosito\/noisettes-made-in-cuneo-pour-les-premiers-voyageurs-sur-le-vol-munich-cuneo\/"},"modified":"2021-08-31T21:37:49","modified_gmt":"2021-08-31T19:37:49","slug":"noisettes-made-in-cuneo-pour-les-premiers-voyageurs-sur-le-vol-munich-cuneo","status":"publish","type":"post","link":"https:\/\/cuneoairport.com\/fr\/noisettes-made-in-cuneo-pour-les-premiers-voyageurs-sur-le-vol-munich-cuneo\/","title":{"rendered":"Noisettes \u00ab\u00a0Made in Cuneo\u00a0\u00bb pour les premiers voyageurs sur le vol Munich &#8211; Cuneo"},"content":{"rendered":"<div class=\"post-head\">\n<div class=\"meta_single meta_deko\">\n<h4 class=\"meta \"><span class=\"post-date\">28 JUIN 2021 <span class=\"divider\">\u2022<\/span><\/span> <strong><span class=\"categs\">CONFAGRICOLTURA CUNEO<\/span><\/strong><\/h4>\n<\/div>\n<h2 class=\"entry-title p-border\">Noisettes \u00ab\u00a0Made in Cuneo\u00a0\u00bb pour les premiers voyageurs sur le vol Munich &#8211; Cuneo<\/h2>\n<div class=\"tmnf_excerpt\">C&rsquo;est ce \u00e0 quoi le consortium Cascine Piemontesi et Confagricoltura rendront hommage pour accueillir ceux qui d\u00e9barqueront aujourd&rsquo;hui \u00e0 Levaldigi.<\/div>\n<\/div>\n<p>Un paquet de fines noisettes Pi\u00e9mont IGP, rigoureusement \u00ab Made in Cuneo \u00bb, sera remis en cadeau \u00e0 tous les voyageurs du premier vol en provenance de Munich qui atterrira \u00e0 l&rsquo;a\u00e9roport de Levaldigi ce lundi 28 juin. C&rsquo;est l&rsquo;initiative promue par le consortium Cascine Piemontesi et par Confagricoltura Cuneo, en collaboration avec l&rsquo;ATL del Cuneese, pour aider \u00e0 c\u00e9l\u00e9brer une \u00e9tape importante pour le port de Cuneo et promouvoir l&rsquo;un des produits embl\u00e9matiques de l&rsquo;agriculture locale. <\/p>\n<p>\u00ab C&rsquo;est un petit mais symbolique geste de bienvenue avec lequel nous avons d\u00e9cid\u00e9 d&rsquo;accueillir les premiers voyageurs arrivant d&rsquo;Allemagne &#8211; explique Cascine Piemontesi -. Un go\u00fbt de noisettes d\u00e9cortiqu\u00e9es et grill\u00e9es typique de notre province, o\u00f9 cette culture, qui a toujours \u00e9t\u00e9 pr\u00e9sente ces derni\u00e8res ann\u00e9es, a connu un d\u00e9veloppement important accompagn\u00e9 d&rsquo;une attention croissante \u00e0 la durabilit\u00e9 environnementale des pratiques de culture. Le monde agricole de Cuneo regarde tr\u00e8s attentivement ce tron\u00e7on, qui non seulement relie directement notre territoire \u00e0 l&rsquo;un de nos partenaires commerciaux les plus importants, mais ouvre \u00e9galement des interconnexions plus larges avec le monde entier, au profit des exportations agroalimentaires de Cuneo \u00bb.<\/p>\n<p><a href=\"https:\/\/www.autorivari.com\/nocciole-made-in-cuneo-per-i-primi-viaggiatori-del-volo-monaco-cuneo\/\" target=\"_blank\" rel=\"noopener\">SOURCE-Autorivari.com<\/a><\/div>\n","protected":false},"excerpt":{"rendered":"<p>28 JUIN 2021 \u2022 CONFAGRICOLTURA CUNEO Noisettes \u00ab\u00a0Made in Cuneo\u00a0\u00bb pour les premiers voyageurs sur le vol Munich &#8211; Cuneo C&rsquo;est ce \u00e0 quoi le consortium Cascine Piemontesi et Confagricoltura rendront hommage pour accueillir ceux qui d\u00e9barqueront aujourd&rsquo;hui \u00e0 Levaldigi. Un paquet de fines noisettes Pi\u00e9mont IGP, rigoureusement \u00ab Made in Cuneo \u00bb, sera remis [&hellip;]<\/p>\n","protected":false},"author":1,"featured_media":11926,"comment_status":"closed","ping_status":"open","sticky":false,"template":"","format":"standard","meta":{"_acf_changed":false,"_et_pb_use_builder":"","_et_pb_old_content":"","_et_gb_content_width":"","footnotes":""},"categories":[71],"tags":[],"class_list":["post-4129","post","type-post","status-publish","format-standard","has-post-thumbnail","hentry","category-communiques-de-presse"],"acf":[],"_links":{"self":[{"href":"https:\/\/cuneoairport.com\/fr\/wp-json\/wp\/v2\/posts\/4129","targetHints":{"allow":["GET"]}}],"collection":[{"href":"https:\/\/cuneoairport.com\/fr\/wp-json\/wp\/v2\/posts"}],"about":[{"href":"https:\/\/cuneoairport.com\/fr\/wp-json\/wp\/v2\/types\/post"}],"author":[{"embeddable":true,"href":"https:\/\/cuneoairport.com\/fr\/wp-json\/wp\/v2\/users\/1"}],"replies":[{"embeddable":true,"href":"https:\/\/cuneoairport.com\/fr\/wp-json\/wp\/v2\/comments?post=4129"}],"version-history":[{"count":0,"href":"https:\/\/cuneoairport.com\/fr\/wp-json\/wp\/v2\/posts\/4129\/revisions"}],"wp:featuredmedia":[{"embeddable":true,"href":"https:\/\/cuneoairport.com\/fr\/wp-json\/wp\/v2\/media\/11926"}],"wp:attachment":[{"href":"https:\/\/cuneoairport.com\/fr\/wp-json\/wp\/v2\/media?parent=4129"}],"wp:term":[{"taxonomy":"category","embeddable":true,"href":"https:\/\/cuneoairport.com\/fr\/wp-json\/wp\/v2\/categories?post=4129"},{"taxonomy":"post_tag","embeddable":true,"href":"https:\/\/cuneoairport.com\/fr\/wp-json\/wp\/v2\/tags?post=4129"}],"curies":[{"name":"wp","href":"https:\/\/api.w.org\/{rel}","templated":true}]}}