{"id":4127,"date":"2021-08-30T16:22:39","date_gmt":"2021-08-30T14:22:39","guid":{"rendered":"https:\/\/cuneoairport.com\/nuovosito\/ryanair-lance-une-nouvelle-route-de-cuneo-a-palerme-cet-ete\/"},"modified":"2021-08-30T19:53:55","modified_gmt":"2021-08-30T17:53:55","slug":"ryanair-lance-une-nouvelle-route-de-cuneo-a-palerme-cet-ete","status":"publish","type":"post","link":"https:\/\/cuneoairport.com\/fr\/ryanair-lance-une-nouvelle-route-de-cuneo-a-palerme-cet-ete\/","title":{"rendered":"Ryanair lance une nouvelle route de Cuneo \u00e0 Palerme cet \u00e9t\u00e9"},"content":{"rendered":"<div class=\"meta_single meta_deko\">\n<h4 class=\"meta \"><span class=\"post-date\">2 JUILLET 2021<span class=\"divider\"> \u2022<\/span><\/span><strong><span class=\"categs\"> A\u00c9ROPORT DE CUNEO<\/span><\/strong><\/h4>\n<\/div>\n<h2 class=\"entry-title p-border\">Ryanair lance une nouvelle route de Cuneo \u00e0 Palerme cet \u00e9t\u00e9<\/h2>\n<div class=\"tmnf_excerpt\">\n<p>La ligne est op\u00e9r\u00e9e deux fois par semaine \u00e0 partir du 3 juillet dans le cadre de l&rsquo;op\u00e9ration italienne \u00e9t\u00e9 &rsquo;21 de Ryanair.<\/p>\n<p>Ryanair, la compagnie a\u00e9rienne num\u00e9ro 1 en Italie, a annonc\u00e9 aujourd&rsquo;hui (2 juillet) une nouvelle liaison nationale suppl\u00e9mentaire reliant Cuneo et Palerme, op\u00e9r\u00e9e deux fois par semaine \u00e0 partir du 3 juillet dans le cadre de l&rsquo;op\u00e9ration italienne \u00e9t\u00e9 &rsquo;21 de Ryanair.<\/p>\n<p>Les passagers au d\u00e9part de Cuneo peuvent r\u00e9server un voyage vers les destinations nationales de Bari, Cagliari et d\u00e9sormais aussi Palerme avec les tarifs les plus bas et avec la possibilit\u00e9 de profiter de l&rsquo;offre \u00ab\u00a0Zero Supplement Flight Change\u00a0\u00bb au cas o\u00f9 leurs plans devraient subir des changements.<\/p>\n<p>Pour f\u00eater \u00e7a, Ryanair a lanc\u00e9 une promotion avec des tarifs disponibles \u00e0 partir de 19,99 \u20ac seulement, pour des voyages jusqu&rsquo;en octobre 2021, \u00e0 r\u00e9server avant minuit le 4 juillet uniquement sur le site Ryanair.com.<\/p>\n<p><strong>Chiara Ravara, responsable des ventes et du marketing chez Ryanair, a d\u00e9clar\u00e9 :<\/strong><\/p>\n<p><em>\u00ab Alors que les programmes de mise en \u0153uvre de la vaccination se poursuivront dans les mois \u00e0 venir et que la saison estivale approche \u00e0 grands pas, nous sommes heureux d&rsquo;annoncer une nouvelle route nationale reliant Cuneo et Palerme, op\u00e9rationnelle deux fois par semaine \u00e0 partir du 3 juillet dans le cadre de l&rsquo;op\u00e9ration estivale. &rsquo;21 italien par Ryanair. Sachant que les restrictions li\u00e9es \u00e0 Covid changent r\u00e9guli\u00e8rement, les clients de Ryanair peuvent d\u00e9sormais r\u00e9server leurs vacances d&rsquo;\u00e9t\u00e9 bien m\u00e9rit\u00e9es avec la certitude que si leurs plans changent, ils peuvent d\u00e9placer leurs dates de voyage deux fois sans payer les frais de changement de vol fin d\u00e9cembre. 2021, et en ne payant que l&rsquo;\u00e9ventuelle diff\u00e9rence de prix entre le vol d&rsquo;origine et le nouveau vol. Pour l&rsquo;occasion, nous avons lanc\u00e9 une offre sp\u00e9ciale avec des tarifs \u00e0 partir de seulement 19,99 \u20ac pour voyager jusqu&rsquo;\u00e0 fin octobre 2021. Les vols doivent \u00eatre r\u00e9serv\u00e9s avant le 4 juillet minuit. \u00c9tant donn\u00e9 que ces offres incroyables seront rapidement d\u00e9croch\u00e9es, nous invitons les clients \u00e0 se connecter sur www.ryanair.com afin de ne pas manquer l&rsquo;opportunit\u00e9 \u00ab\u00a0<\/em><\/p>\n<p><strong>Anna Milanese,<\/strong><strong> Le directeur g\u00e9n\u00e9ral de l&rsquo;a\u00e9roport de Cuneo a d\u00e9clar\u00e9 :<\/strong><\/p>\n<p><em>\u00ab Gr\u00e2ce \u00e0 Ryanair, qui fait confiance \u00e0 notre a\u00e9roport et \u00e9tend son r\u00e9seau avec une nouvelle route vers la Sicile. Les opportunit\u00e9s de voyager depuis Cuneo cet \u00e9t\u00e9 sont nombreuses et sont de bon augure pour la reprise du secteur\u00a0\u00bb.<\/em><\/p>\n<p><a href=\"https:\/\/www.autorivari.com\/ryanair-lancia-una-nuova-rotta-da-cuneo-a-palermo-questa-estate\/\" target=\"_blank\" rel=\"noopener\">SOURCE-Autorivari.com<\/a><\/p>\n<p>&nbsp;<\/p>\n<\/div>\n","protected":false},"excerpt":{"rendered":"<p>2 JUILLET 2021 \u2022 A\u00c9ROPORT DE CUNEO Ryanair lance une nouvelle route de Cuneo \u00e0 Palerme cet \u00e9t\u00e9 La ligne est op\u00e9r\u00e9e deux fois par semaine \u00e0 partir du 3 juillet dans le cadre de l&rsquo;op\u00e9ration italienne \u00e9t\u00e9 &rsquo;21 de Ryanair. Ryanair, la compagnie a\u00e9rienne num\u00e9ro 1 en Italie, a annonc\u00e9 aujourd&rsquo;hui (2 juillet) une [&hellip;]<\/p>\n","protected":false},"author":1,"featured_media":0,"comment_status":"closed","ping_status":"open","sticky":false,"template":"","format":"standard","meta":{"_acf_changed":false,"_et_pb_use_builder":"","_et_pb_old_content":"","_et_gb_content_width":"","footnotes":""},"categories":[71],"tags":[],"class_list":["post-4127","post","type-post","status-publish","format-standard","hentry","category-communiques-de-presse"],"acf":[],"_links":{"self":[{"href":"https:\/\/cuneoairport.com\/fr\/wp-json\/wp\/v2\/posts\/4127","targetHints":{"allow":["GET"]}}],"collection":[{"href":"https:\/\/cuneoairport.com\/fr\/wp-json\/wp\/v2\/posts"}],"about":[{"href":"https:\/\/cuneoairport.com\/fr\/wp-json\/wp\/v2\/types\/post"}],"author":[{"embeddable":true,"href":"https:\/\/cuneoairport.com\/fr\/wp-json\/wp\/v2\/users\/1"}],"replies":[{"embeddable":true,"href":"https:\/\/cuneoairport.com\/fr\/wp-json\/wp\/v2\/comments?post=4127"}],"version-history":[{"count":0,"href":"https:\/\/cuneoairport.com\/fr\/wp-json\/wp\/v2\/posts\/4127\/revisions"}],"wp:attachment":[{"href":"https:\/\/cuneoairport.com\/fr\/wp-json\/wp\/v2\/media?parent=4127"}],"wp:term":[{"taxonomy":"category","embeddable":true,"href":"https:\/\/cuneoairport.com\/fr\/wp-json\/wp\/v2\/categories?post=4127"},{"taxonomy":"post_tag","embeddable":true,"href":"https:\/\/cuneoairport.com\/fr\/wp-json\/wp\/v2\/tags?post=4127"}],"curies":[{"name":"wp","href":"https:\/\/api.w.org\/{rel}","templated":true}]}}