{"id":4122,"date":"2021-08-30T16:19:32","date_gmt":"2021-08-30T14:19:32","guid":{"rendered":"https:\/\/cuneoairport.com\/nuovosito\/laeroport-de-cuneo-accueille-une-etape-du-jubile-lauretan-de-la-statue-de-la-vierge-de-lorette\/"},"modified":"2021-08-30T20:06:08","modified_gmt":"2021-08-30T18:06:08","slug":"laeroport-de-cuneo-accueille-une-etape-du-jubile-lauretan-de-la-statue-de-la-vierge-de-lorette","status":"publish","type":"post","link":"https:\/\/cuneoairport.com\/fr\/laeroport-de-cuneo-accueille-une-etape-du-jubile-lauretan-de-la-statue-de-la-vierge-de-lorette\/","title":{"rendered":"L&rsquo;a\u00e9roport de Cuneo accueille une \u00e9tape du Jubil\u00e9 Lauretan de la statue de la Vierge de Lorette"},"content":{"rendered":"<div class=\"meta_single meta_deko\">\n<h4 class=\"meta \"><span class=\"post-date\">16 JANVIER 2021<span class=\"divider\"> \u2022<\/span><\/span><strong><span class=\"categs\"> A\u00c9ROPORT DE CUNEO<\/span><\/strong><\/h4>\n<\/div>\n<h2 class=\"entry-title p-border\">L&rsquo;a\u00e9roport de Cuneo accueille une \u00e9tape du Jubil\u00e9 Lauretan de la statue de la Vierge de Lorette<\/h2>\n<div class=\"tmnf_excerpt\">\n<p>Le saint patron des aviateurs et des voyageurs s&rsquo;arr\u00eatera \u00e0 l&rsquo;a\u00e9roport de Levaldigi du 21 au 27 janvier<\/p>\n<p><strong>Le jeudi 21 janvier \u00e0 12h00, \u00e0 l&rsquo;a\u00e9roport de Cuneo \u00e0 Levaldigi, la statue de la Vierge de Lorette, protectrice des aviateurs et des voyageurs, arrivera sur un vol priv\u00e9 assur\u00e9 par l&rsquo;a\u00e9roclub de Turin depuis l&rsquo;a\u00e9roport de G\u00eanes. L&rsquo;\u00e9tape de Cuneo de la \u00ab Peregrinatio Mariae \u00bb s&rsquo;inscrit dans le cadre des initiatives du Jubil\u00e9 Lauretan accord\u00e9 par le Saint-P\u00e8re le Pape Fran\u00e7ois \u00e0 l&rsquo;occasion du centenaire de la proclamation de la Vierge de Lorette comme patronne des a\u00e9ronautes. <\/strong><\/p>\n<p>Pour accueillir la statue \u00e0 son arriv\u00e9e \u00e0 l&rsquo;a\u00e9roport de Cuneo, il y aura l&rsquo;\u00e9v\u00eaque des dioc\u00e8ses de Cuneo et Fossano Monseigneur Piero Delbosco, qui animera un moment de pri\u00e8re lors de la c\u00e9r\u00e9monie d&rsquo;accueil et b\u00e9nira les participants et les deux pilotes de l&rsquo;avion, un Piper PA28-161 Warrior II avec les marques I-CNPG. La statue restera expos\u00e9e dans la zone d&rsquo;enregistrement de l&rsquo;a\u00e9roport jusqu&rsquo;au mercredi 27 janvier, date \u00e0 laquelle elle d\u00e9collera avec le m\u00eame avion en direction de l&rsquo;a\u00e9roport de Turin Caselle.<\/p>\n<p>Lors de son s\u00e9jour \u00e0 Levaldigi, une messe a \u00e9t\u00e9 organis\u00e9e sur place le samedi 23 janvier \u00e0 16h et la r\u00e9citation d&rsquo;un saint chapelet le mardi 26 janvier \u00e0 20h. En raison des mesures anti-Covid en place, les personnes int\u00e9ress\u00e9es \u00e0 visiter la statue de Notre-Dame de Lorette pour prier ou participer \u00e0 la Sainte Messe ou au Saint Rosaire doivent obligatoirement r\u00e9server en appelant le 0172\/741500 ou en \u00e9crivant un e-mail \u00e0 marketing@aeroporto.cuneo .ce. Le nombre de places disponibles est limit\u00e9.<\/p>\n<p>Le Jubil\u00e9 Lauretan, d\u00e9di\u00e9 \u00e0 tous les aviateurs et voyageurs qui utilisent le transport a\u00e9rien, a \u00e9t\u00e9 lanc\u00e9 le 8 d\u00e9cembre 2019 avec la c\u00e9r\u00e9monie d&rsquo;ouverture de la Porte Sainte du Sanctuaire de la Maison Sainte \u00e0 Lorette qui a \u00e9t\u00e9 suivie d&rsquo;initiatives religieuses et civiles. Suspendu pour cause de Covid, il a red\u00e9marr\u00e9 le 7 d\u00e9cembre dernier et durera jusqu&rsquo;au 10 d\u00e9cembre 2021.<\/p>\n<p>Parmi les institutions et les sujets impliqu\u00e9s dans les c\u00e9l\u00e9brations de l&rsquo;ann\u00e9e jubilaire, et en particulier dans l&rsquo;organisation du transport a\u00e9rien dans les a\u00e9roports nationaux de la statue repr\u00e9sentant la Vierge, il y a l&rsquo;Enac (Agence nationale de l&rsquo;aviation civile), Assaeroporti, Alitalia, la A\u00e9roports italiens, la Coordination nationale pour la pastorale de l&rsquo;aviation civile de la Conf\u00e9rence \u00e9piscopale italienne, l&rsquo;A\u00e9roclub d&rsquo;Italie pour certaines \u00e9tapes, l&rsquo;A\u00e9roclub de Turin pour l&rsquo;\u00e9tape de Cuneo.<\/p>\n<p><a href=\"https:\/\/www.autorivari.com\/madonna-loreto-aeroporto-cuneo\/\">LA SOURCE<\/a><\/p>\n<\/div>\n","protected":false},"excerpt":{"rendered":"<p>16 JANVIER 2021 \u2022 A\u00c9ROPORT DE CUNEO L&rsquo;a\u00e9roport de Cuneo accueille une \u00e9tape du Jubil\u00e9 Lauretan de la statue de la Vierge de Lorette Le saint patron des aviateurs et des voyageurs s&rsquo;arr\u00eatera \u00e0 l&rsquo;a\u00e9roport de Levaldigi du 21 au 27 janvier Le jeudi 21 janvier \u00e0 12h00, \u00e0 l&rsquo;a\u00e9roport de Cuneo \u00e0 Levaldigi, la [&hellip;]<\/p>\n","protected":false},"author":1,"featured_media":0,"comment_status":"closed","ping_status":"open","sticky":false,"template":"","format":"standard","meta":{"_acf_changed":false,"_et_pb_use_builder":"","_et_pb_old_content":"","_et_gb_content_width":"","footnotes":""},"categories":[71],"tags":[],"class_list":["post-4122","post","type-post","status-publish","format-standard","hentry","category-communiques-de-presse"],"acf":[],"_links":{"self":[{"href":"https:\/\/cuneoairport.com\/fr\/wp-json\/wp\/v2\/posts\/4122","targetHints":{"allow":["GET"]}}],"collection":[{"href":"https:\/\/cuneoairport.com\/fr\/wp-json\/wp\/v2\/posts"}],"about":[{"href":"https:\/\/cuneoairport.com\/fr\/wp-json\/wp\/v2\/types\/post"}],"author":[{"embeddable":true,"href":"https:\/\/cuneoairport.com\/fr\/wp-json\/wp\/v2\/users\/1"}],"replies":[{"embeddable":true,"href":"https:\/\/cuneoairport.com\/fr\/wp-json\/wp\/v2\/comments?post=4122"}],"version-history":[{"count":0,"href":"https:\/\/cuneoairport.com\/fr\/wp-json\/wp\/v2\/posts\/4122\/revisions"}],"wp:attachment":[{"href":"https:\/\/cuneoairport.com\/fr\/wp-json\/wp\/v2\/media?parent=4122"}],"wp:term":[{"taxonomy":"category","embeddable":true,"href":"https:\/\/cuneoairport.com\/fr\/wp-json\/wp\/v2\/categories?post=4122"},{"taxonomy":"post_tag","embeddable":true,"href":"https:\/\/cuneoairport.com\/fr\/wp-json\/wp\/v2\/tags?post=4122"}],"curies":[{"name":"wp","href":"https:\/\/api.w.org\/{rel}","templated":true}]}}