{"id":4121,"date":"2021-08-30T16:19:27","date_gmt":"2021-08-30T14:19:27","guid":{"rendered":"https:\/\/cuneoairport.com\/nuovosito\/volotea-fait-ses-debuts-a-cuneo-et-lance-une-nouvelle-route-vers-olbia\/"},"modified":"2021-08-30T20:04:46","modified_gmt":"2021-08-30T18:04:46","slug":"volotea-fait-ses-debuts-a-cuneo-et-lance-une-nouvelle-route-vers-olbia","status":"publish","type":"post","link":"https:\/\/cuneoairport.com\/fr\/volotea-fait-ses-debuts-a-cuneo-et-lance-une-nouvelle-route-vers-olbia\/","title":{"rendered":"Volotea fait ses d\u00e9buts \u00e0 Cuneo et lance une nouvelle route vers Olbia"},"content":{"rendered":"<div class=\"meta_single meta_deko\">\n<h4 class=\"meta \"><span class=\"post-date\">18 MARS 2021<span class=\"divider\"> \u2022<\/span><\/span><strong><span class=\"categs\"> A\u00c9ROPORT DE CUNEO<\/span><\/strong><\/h4>\n<\/div>\n<h2 class=\"entry-title p-border\">Volotea fait ses d\u00e9buts \u00e0 Cuneo et lance une nouvelle route vers Olbia<\/h2>\n<div class=\"tmnf_excerpt\">\n<p>\u00c0 partir du 5 juin, la nouvelle connexion aura 2 fr\u00e9quences par semaine et facilitera encore plus les d\u00e9placements entre le Pi\u00e9mont et la mer cristalline de la Sardaigne.<br \/>\nLes nouveaux vols sont d\u00e9j\u00e0 en vente sur le site de Volotea et via les canaux de vente traditionnels<\/p>\n<p><strong>Volotea, la compagnie a\u00e9rienne low-cost qui relie les petites et moyennes villes et les capitales europ\u00e9ennes, a annonc\u00e9 aujourd&rsquo;hui le d\u00e9marrage de ses op\u00e9rations \u00e0 l&rsquo;a\u00e9roport de Cuneo-Levaldigi. \u00c0 partir du 5 juin, en effet, une nouvelle connexion sera disponible op\u00e9r\u00e9e par le transporteur de l&rsquo;a\u00e9roport pi\u00e9montais \u00e0 Olbia. Le vol sera op\u00e9r\u00e9 deux fois par semaine, tous les mercredis et samedis. Le nouveau parcours est d\u00e9j\u00e0 disponible sur le site <\/strong><a href=\"http:\/\/www.volotea.com\/\"><strong>www.volotea.com<\/strong><\/a><strong> et dans les agences de voyages.<\/strong><\/p>\n<p>\u00ab Nous sommes tr\u00e8s fiers de pouvoir annoncer le d\u00e9but de notre collaboration avec l&rsquo;a\u00e9roport de Cuneo, le 22\u00e8me a\u00e9roport o\u00f9 nos vols en Italie sont disponibles. Notre nouvelle route raccourcira les distances entre le territoire des Langhe, avec la ville de Cuneo, ses montagnes et ses excellences gastronomiques et \u0153nologiques, et Olbia avec sa mer cristalline, ses criques solitaires et la mondanit\u00e9 p\u00e9tillante de la Costa Smeralda. Pour la saison \u00e0 venir, nous visons \u00e0 offrir \u00e0 nos passagers une nouvelle opportunit\u00e9 de vol, r\u00e9affirmant notre engagement \u00e0 soutenir le secteur du tourisme, si durement touch\u00e9 par la pand\u00e9mie. Bien entendu, notre offre comprend des vols avec un maximum de s\u00e9curit\u00e9 \u00e0 bord et de flexibilit\u00e9. Nous sommes convaincus que le lancement de cette nouvelle connexion ne repr\u00e9sente que le d\u00e9but d&rsquo;une longue et fructueuse collaboration entre Volotea et l&rsquo;a\u00e9roport de Cuneo-Levaldigi \u00ab\u00a0&#8211; a comment\u00e9 <strong>Valeria Rebasti, Country Manager Italie et Europe du Sud-Est de Volotea<\/strong> .<\/p>\n<p>\u00ab\u00a0L&rsquo;arriv\u00e9e d&rsquo;une nouvelle entreprise est toujours une source de grande satisfaction, mais accueillir Volotea \u00e0 Cuneo a une signification bien plus grande &#8211; ajoute-t-il<strong> Anna Milanese, directrice de l&rsquo;a\u00e9roport de Cuneo &#8211;<\/strong> . C&rsquo;est le r\u00e9sultat d&rsquo;une strat\u00e9gie visant \u00e0 offrir toujours plus d&rsquo;opportunit\u00e9s nouvelles, \u00e0 faire voyager \u00e0 nouveau les gens en augmentant le r\u00e9seau de destinations accessibles depuis notre a\u00e9roport. La route que nous inaugurons se concentre sur le march\u00e9 national, qui repr\u00e9sente d&#8217;embl\u00e9e le principal moteur d&rsquo;une reprise rapide et souhait\u00e9e du transport a\u00e9rien. C&rsquo;est le d\u00e9but d&rsquo;une collaboration qui, nous l&rsquo;esp\u00e9rons, grandira dans le temps\u00a0\u00bb. \u00ab Nous accueillons avec beaucoup d&rsquo;enthousiasme la nouvelle route vers Olbia &#8211; commente-t-il<strong> Giuseppe Viriglio<\/strong> ,<strong> Pr\u00e9sident de Geac,<\/strong> soci\u00e9t\u00e9 qui g\u00e8re l&rsquo;a\u00e9roport de Levaldigi<strong> <\/strong>-. A l&rsquo;heure de la r\u00e9duction des effectifs du trafic a\u00e9rien, l&rsquo;ouverture d&rsquo;un nouveau vol est le signe d&rsquo;un grand optimisme pour l&rsquo;avenir. Merci \u00e0 Volotea qui a pu croire au potentiel de notre a\u00e9roport\u00a0\u00bb.<\/p>\n<p>Tous les itin\u00e9raires Volotea sont disponibles sur le site<a href=\"http:\/\/www.volotea.com\/\"> www.volotea.com<\/a> et dans les agences de voyages.<\/p>\n<p><a href=\"https:\/\/www.autorivari.com\/volotea-debutta-a-cuneo-e-lancia-una-nuova-rotta-verso-olbia\/\">LA SOURCE<\/a><\/p>\n<\/div>\n","protected":false},"excerpt":{"rendered":"<p>18 MARS 2021 \u2022 A\u00c9ROPORT DE CUNEO Volotea fait ses d\u00e9buts \u00e0 Cuneo et lance une nouvelle route vers Olbia \u00c0 partir du 5 juin, la nouvelle connexion aura 2 fr\u00e9quences par semaine et facilitera encore plus les d\u00e9placements entre le Pi\u00e9mont et la mer cristalline de la Sardaigne. Les nouveaux vols sont d\u00e9j\u00e0 en [&hellip;]<\/p>\n","protected":false},"author":1,"featured_media":0,"comment_status":"closed","ping_status":"open","sticky":false,"template":"","format":"standard","meta":{"_acf_changed":false,"_et_pb_use_builder":"","_et_pb_old_content":"","_et_gb_content_width":"","footnotes":""},"categories":[71],"tags":[],"class_list":["post-4121","post","type-post","status-publish","format-standard","hentry","category-communiques-de-presse"],"acf":[],"_links":{"self":[{"href":"https:\/\/cuneoairport.com\/fr\/wp-json\/wp\/v2\/posts\/4121","targetHints":{"allow":["GET"]}}],"collection":[{"href":"https:\/\/cuneoairport.com\/fr\/wp-json\/wp\/v2\/posts"}],"about":[{"href":"https:\/\/cuneoairport.com\/fr\/wp-json\/wp\/v2\/types\/post"}],"author":[{"embeddable":true,"href":"https:\/\/cuneoairport.com\/fr\/wp-json\/wp\/v2\/users\/1"}],"replies":[{"embeddable":true,"href":"https:\/\/cuneoairport.com\/fr\/wp-json\/wp\/v2\/comments?post=4121"}],"version-history":[{"count":0,"href":"https:\/\/cuneoairport.com\/fr\/wp-json\/wp\/v2\/posts\/4121\/revisions"}],"wp:attachment":[{"href":"https:\/\/cuneoairport.com\/fr\/wp-json\/wp\/v2\/media?parent=4121"}],"wp:term":[{"taxonomy":"category","embeddable":true,"href":"https:\/\/cuneoairport.com\/fr\/wp-json\/wp\/v2\/categories?post=4121"},{"taxonomy":"post_tag","embeddable":true,"href":"https:\/\/cuneoairport.com\/fr\/wp-json\/wp\/v2\/tags?post=4121"}],"curies":[{"name":"wp","href":"https:\/\/api.w.org\/{rel}","templated":true}]}}