{"id":4115,"date":"2021-08-30T16:19:03","date_gmt":"2021-08-30T14:19:03","guid":{"rendered":"https:\/\/cuneoairport.com\/nuovosito\/laeroport-de-cuneo-et-air-dolomiti-partenaire-de-lufthansa-accueillent-levenement-b2b-avec-les-agences-de-voyages-a-lastemia-pentita-de-barolo\/"},"modified":"2021-08-30T19:55:42","modified_gmt":"2021-08-30T17:55:42","slug":"laeroport-de-cuneo-et-air-dolomiti-partenaire-de-lufthansa-accueillent-levenement-b2b-avec-les-agences-de-voyages-a-lastemia-pentita-de-barolo","status":"publish","type":"post","link":"https:\/\/cuneoairport.com\/fr\/laeroport-de-cuneo-et-air-dolomiti-partenaire-de-lufthansa-accueillent-levenement-b2b-avec-les-agences-de-voyages-a-lastemia-pentita-de-barolo\/","title":{"rendered":"L&rsquo;a\u00e9roport de Cuneo et Air Dolomiti, partenaire de Lufthansa, accueillent l&rsquo;\u00e9v\u00e9nement B2B avec les agences de voyages \u00e0 l&rsquo;Astemia Pentita de Barolo"},"content":{"rendered":"<h4><span style=\"font-weight: 400;\">23 JUIN 2021 \u2022<\/span><b> ASTH\u00c9MIE<\/b><b> SE REPENTIR<\/b><\/h4>\n<h2><b>L&rsquo;a\u00e9roport de Cuneo et Air Dolomiti, partenaire de Lufthansa, accueillent l&rsquo;\u00e9v\u00e9nement B2B avec les agences de voyages \u00e0 l&rsquo;Astemia Pentita de Barolo pour leur pr\u00e9senter cette nouvelle opportunit\u00e9 de voyage forte : la route CUNEO-MONACO<\/b><\/h2>\n<p><span style=\"font-weight: 400;\">Le 23 juin, \u00e0 19h, dans le cadre sophistiqu\u00e9 d&rsquo;Astemia Pentita \u00e0 Barolo, au c\u0153ur des Langhe, l&rsquo;\u00e9v\u00e9nement b2b avec les agences de voyages pour leur pr\u00e9senter le nouveau vol Cuneo-Monaco qui d\u00e9collera de l&rsquo;a\u00e9roport de Cuneo.<\/span><\/p>\n<p><b>L&rsquo;a\u00e9roport de Cuneo effectuera deux liaisons hebdomadaires vers Munich en \u00e9t\u00e9, les lundis et vendredis, tandis qu&rsquo;\u00e0 partir de septembre, davantage de liaisons en milieu de semaine seront actives.<\/b><\/p>\n<p><span style=\"font-weight: 400;\">En plus de respirer la belle atmosph\u00e8re du lieu et de savourer le bon vin d&rsquo;Astemia Pentita, accompagn\u00e9 d&rsquo;une visite des caves, les agences de voyages qui ont d\u00e9cid\u00e9 de participer ont \u00e9galement pu s&rsquo;essayer \u00e0 un court et amusant quiz que l&rsquo;a\u00e9roport de Cuneo et la compagnie a\u00e9rienne a voulu proposer de \u00ab\u00a0tester\u00a0\u00bb la pr\u00e9paration de ses \u00ab\u00a0agents de voyages\u00a0\u00bb. Il en est ressorti que eco light &#8211; eco classic &#8211; eco flex &#8211; business saver &#8211; business flex sont les tarifs charg\u00e9s dans le syst\u00e8me par l&rsquo;entreprise et Experts est le site web du groupe Lufthansa d\u00e9di\u00e9 aux agents de voyages. Le vol aura un co\u00fbt \u00e0 partir de 112 euros aller-retour et une dur\u00e9e d&rsquo;une heure et vingt, deux fr\u00e9quences hebdomadaires au d\u00e9part de l&rsquo;a\u00e9roport de Cuneo pr\u00e9vues pour l&rsquo;\u00e9t\u00e9, les lundi et vendredi, puis s&rsquo;\u00e9paississent jusqu&rsquo;\u00e0 la fin de l&rsquo;\u00e9t\u00e9.<\/span> <span style=\"font-weight: 400;\">La compagnie Air Dolomiti, qui a son si\u00e8ge \u00e0 V\u00e9rone, a des racines historiques, en fait elle a commenc\u00e9 \u00e0 voler en 1991<\/span><span style=\"font-weight: 400;\"> avec un<\/span><a href=\"https:\/\/it.wikipedia.org\/wiki\/Boeing\" target=\"_blank\" rel=\"noopener\"><span style=\"font-weight: 400;\"> Boeing<\/span><\/a><span style=\"font-weight: 400;\"> <\/span><a href=\"https:\/\/it.wikipedia.org\/wiki\/De_Havilland_Dash_8\"><span style=\"font-weight: 400;\">De Havilland Dash 8<\/span><\/a><span style=\"font-weight: 400;\"> s\u00e9rie 300 avec 50 places,<\/span><span style=\"font-weight: 400;\"> aujourd&rsquo;hui, il vole avec un Embraer 195 de 120 places et a son hub \u00e0 Munich.<\/span><\/p>\n<p><span style=\"font-weight: 400;\">Une r\u00e9alisation importante pour l&rsquo;a\u00e9roport de Cuneo d&rsquo;avoir inclus cette compagnie parmi ses op\u00e9rateurs de vols et d&rsquo;avoir ajout\u00e9 un hub important tel que Munich \u00e0 ses routes.<\/span><\/p>\n<p><span style=\"font-weight: 400;\">Il appartient d\u00e9sormais au territoire et \u00e0 ses voyagistes de profiter de cette nouvelle belle r\u00e9alisation.<\/span><\/p>\n<p><span style=\"font-weight: 400;\">L&rsquo;\u00e9v\u00e9nement s&rsquo;est ensuite conclu par un prix honor\u00e9 par Air Dolomiti avec un bon de voyage pour \u00ab\u00a0les meilleurs\u00a0\u00bb et les gadgets de la compagnie.<\/span><\/p>\n<p><strong>Il ne reste plus qu&rsquo;\u00e0 attendre le premier vol CUF-MUC qui d\u00e9collera \u00e0 19h50 le 28 juin 2021. <\/strong><\/p>\n<p><strong>Bient\u00f4t depuis Cuneo, vous pourrez voler partout dans le monde !<\/strong><\/p>\n","protected":false},"excerpt":{"rendered":"<p>23 JUIN 2021 \u2022 ASTH\u00c9MIE SE REPENTIR L&rsquo;a\u00e9roport de Cuneo et Air Dolomiti, partenaire de Lufthansa, accueillent l&rsquo;\u00e9v\u00e9nement B2B avec les agences de voyages \u00e0 l&rsquo;Astemia Pentita de Barolo pour leur pr\u00e9senter cette nouvelle opportunit\u00e9 de voyage forte : la route CUNEO-MONACO Le 23 juin, \u00e0 19h, dans le cadre sophistiqu\u00e9 d&rsquo;Astemia Pentita \u00e0 Barolo, [&hellip;]<\/p>\n","protected":false},"author":1,"featured_media":0,"comment_status":"closed","ping_status":"open","sticky":false,"template":"","format":"standard","meta":{"_acf_changed":false,"_et_pb_use_builder":"","_et_pb_old_content":"","_et_gb_content_width":"","footnotes":""},"categories":[71],"tags":[],"class_list":["post-4115","post","type-post","status-publish","format-standard","hentry","category-communiques-de-presse"],"acf":[],"_links":{"self":[{"href":"https:\/\/cuneoairport.com\/fr\/wp-json\/wp\/v2\/posts\/4115","targetHints":{"allow":["GET"]}}],"collection":[{"href":"https:\/\/cuneoairport.com\/fr\/wp-json\/wp\/v2\/posts"}],"about":[{"href":"https:\/\/cuneoairport.com\/fr\/wp-json\/wp\/v2\/types\/post"}],"author":[{"embeddable":true,"href":"https:\/\/cuneoairport.com\/fr\/wp-json\/wp\/v2\/users\/1"}],"replies":[{"embeddable":true,"href":"https:\/\/cuneoairport.com\/fr\/wp-json\/wp\/v2\/comments?post=4115"}],"version-history":[{"count":0,"href":"https:\/\/cuneoairport.com\/fr\/wp-json\/wp\/v2\/posts\/4115\/revisions"}],"wp:attachment":[{"href":"https:\/\/cuneoairport.com\/fr\/wp-json\/wp\/v2\/media?parent=4115"}],"wp:term":[{"taxonomy":"category","embeddable":true,"href":"https:\/\/cuneoairport.com\/fr\/wp-json\/wp\/v2\/categories?post=4115"},{"taxonomy":"post_tag","embeddable":true,"href":"https:\/\/cuneoairport.com\/fr\/wp-json\/wp\/v2\/tags?post=4115"}],"curies":[{"name":"wp","href":"https:\/\/api.w.org\/{rel}","templated":true}]}}