{"id":4112,"date":"2021-08-30T16:18:57","date_gmt":"2021-08-30T14:18:57","guid":{"rendered":"https:\/\/cuneoairport.com\/nuovosito\/la-statue-de-la-vierge-de-lorette-est-arrivee-a-laeroport-de-cuneo-elle-peut-etre-visitee-jusquau-27-janvier\/"},"modified":"2021-08-30T20:05:37","modified_gmt":"2021-08-30T18:05:37","slug":"la-statue-de-la-vierge-de-lorette-est-arrivee-a-laeroport-de-cuneo-elle-peut-etre-visitee-jusquau-27-janvier","status":"publish","type":"post","link":"https:\/\/cuneoairport.com\/fr\/la-statue-de-la-vierge-de-lorette-est-arrivee-a-laeroport-de-cuneo-elle-peut-etre-visitee-jusquau-27-janvier\/","title":{"rendered":"La statue de la Vierge de Lorette est arriv\u00e9e \u00e0 l&rsquo;a\u00e9roport de Cuneo : elle peut \u00eatre visit\u00e9e jusqu&rsquo;au 27 janvier"},"content":{"rendered":"<div class=\"meta_single meta_deko\">\n<h4 class=\"meta \"><span class=\"post-date\">21 JANVIER 2021<span class=\"divider\"> \u2022<\/span><\/span><strong><span class=\"categs\"> A\u00c9ROPORT DE CUNEO<\/span><\/strong><\/h4>\n<\/div>\n<h2 class=\"entry-title p-border\">La statue de la Vierge de Lorette est arriv\u00e9e \u00e0 l&rsquo;a\u00e9roport de Cuneo : elle peut \u00eatre visit\u00e9e jusqu&rsquo;au 27 janvier<\/h2>\n<div class=\"tmnf_excerpt\">\n<p>Pour acc\u00e9der \u00e0 l&rsquo;a\u00e9roport, il est n\u00e9cessaire de r\u00e9server au 0172\/741500 ou en \u00e9crivant un e-mail \u00e0 marketing@cuneoairport.com<\/p>\n<p><strong>En fin de matin\u00e9e aujourd&rsquo;hui &#8211; g<\/strong><strong>Jeudi 21 janvier &#8211; la statue de la Vierge de Lorette, protectrice des aviateurs et des voyageurs, est arriv\u00e9e \u00e0 l&rsquo;a\u00e9roport de Cuneo Levaldigi. L&rsquo;\u00e9tape de Cuneo de la \u00ab Peregrinatio Mariae \u00bb s&rsquo;inscrit dans le cadre des initiatives du Jubil\u00e9 Lauretan accord\u00e9 par le Saint-P\u00e8re le Pape Fran\u00e7ois \u00e0 l&rsquo;occasion du centenaire de la proclamation de la Vierge de Lorette comme patronne des a\u00e9ronautes. Lors de son s\u00e9jour \u00e0 Levaldigi, une messe est pr\u00e9vue le samedi 23 janvier \u00e0 16h et la r\u00e9citation d&rsquo;un saint chapelet le mardi 26 janvier \u00e0 20h. En raison des mesures anti-Covid en place, les personnes int\u00e9ress\u00e9es \u00e0 visiter la statue de Notre-Dame de Lorette pour prier ou assister \u00e0 la Sainte Messe ou au Saint Rosaire doivent obligatoirement r\u00e9server en appelant le 0172\/741500 ou en \u00e9crivant un e-mail \u00e0 marketing @ airport. .ce. Le nombre de places disponibles est limit\u00e9.<\/strong><\/p>\n<p>\u00ab La \u00ab Peregrinatio Mariae \u00bb \u00e0 l&rsquo;effigie de Notre-Dame de Lorette r\u00e9unit id\u00e9alement les a\u00e9roports italiens &#8211; a d\u00e9clar\u00e9 le directeur g\u00e9n\u00e9ral de l&rsquo;ENAC<strong> Alessio Quarantaine<\/strong> &#8211; avec un message d&rsquo;espoir adress\u00e9 \u00e0 l&rsquo;ensemble de la communaut\u00e9 du transport a\u00e9rien, tant les travailleurs du secteur que les passagers. L&rsquo;espoir est de surmonter, dans les plus brefs d\u00e9lais, la grave urgence sanitaire mondiale et la profonde crise \u00e9conomique qui y est li\u00e9e, qui a \u00e9galement touch\u00e9 l&rsquo;aviation civile, de reprendre les vols et de faire voler l&rsquo;ensemble du secteur\u00a0\u00bb.<\/p>\n<p>\u00ab\u00a0Nous sommes heureux d&rsquo;accueillir une \u00e9tape de la\u00a0\u00bb Peregrinatio Mariae \u00ab\u00a0\u00e0 notre a\u00e9roport de Cuneo dans le cadre des initiatives du Jubil\u00e9 Lauretan accord\u00e9es par le Pape Fran\u00e7ois pour le centenaire de la proclamation de Notre-Dame de Lorette, patronne des a\u00e9ronautes &#8211; a-t-il d\u00e9clar\u00e9 <strong>Giuseppe Viriglio<\/strong> , Pr\u00e9sident de Geac, la soci\u00e9t\u00e9 qui g\u00e8re l&rsquo;a\u00e9roport de Levaldigi -. L&rsquo;avoir ici avec nous pendant une semaine, \u00e0 la disposition des fid\u00e8les, est un signe suppl\u00e9mentaire d&rsquo;int\u00e9gration de l&rsquo;a\u00e9roport de Cuneo au territoire. Nous partons depuis une ann\u00e9e d\u00e9sastreuse, l&rsquo;espoir est de recommencer tous ensemble en collaborant avec les institutions pour viser \u00e9galement une relance compl\u00e8te, en toute s\u00e9curit\u00e9, de l&rsquo;aviation civile \u00bb.<\/p>\n<p>\u00ab\u00a0Le voyage itin\u00e9rant de la Statue de Notre-Dame de Lorette dans les a\u00e9roports italiens &#8211; a comment\u00e9 le vice-pr\u00e9sident adjoint d&rsquo;Assaeroporti<strong> Fulvio Cavalleri<\/strong> &#8211; est, aujourd&rsquo;hui plus que jamais, un symbole d&rsquo;espoir et de renaissance qui nous pousse \u00e0 regarder l&rsquo;avenir avec plus de confiance. Nous esp\u00e9rons que le p\u00e8lerinage de l&rsquo;ic\u00f4ne mariale est de bon augure pour surmonter la crise actuelle afin de reprendre pleinement tout ce que nous avons d\u00fb sacrifier pendant la pand\u00e9mie, y compris l&rsquo;activit\u00e9 de vol qui nous unit tous\u00a0\u00bb.<\/p>\n<p>La statue a \u00e9t\u00e9 accueillie \u00e0 son arriv\u00e9e \u00e0 Levaldigi par l&rsquo;\u00e9v\u00eaque des dioc\u00e8ses de Cuneo et Fossano Monseigneur Piero Delbosco qui, apr\u00e8s un bref moment de pri\u00e8re, a donn\u00e9 une b\u00e9n\u00e9diction solennelle \u00e0 toutes les personnes pr\u00e9sentes. La statue a \u00e9t\u00e9 transf\u00e9r\u00e9e dans la zone d&rsquo;enregistrement de l&rsquo;a\u00e9roport o\u00f9 elle restera expos\u00e9e jusqu&rsquo;au mercredi 27 janvier, date \u00e0 laquelle elle partira en avion en direction de l&rsquo;a\u00e9roport de Turin Caselle, poursuivant le p\u00e8lerinage.<\/p>\n<p><a href=\"https:\/\/www.autorivari.com\/e-arrivata-allaeroporto-di-cuneo-la-statua-della-madonna-di-loreto-visitabile-fino-al-27-gennaio\/\">LA SOURCE<\/a><\/p>\n<\/div>\n","protected":false},"excerpt":{"rendered":"<p>21 JANVIER 2021 \u2022 A\u00c9ROPORT DE CUNEO La statue de la Vierge de Lorette est arriv\u00e9e \u00e0 l&rsquo;a\u00e9roport de Cuneo : elle peut \u00eatre visit\u00e9e jusqu&rsquo;au 27 janvier Pour acc\u00e9der \u00e0 l&rsquo;a\u00e9roport, il est n\u00e9cessaire de r\u00e9server au 0172\/741500 ou en \u00e9crivant un e-mail \u00e0 marketing@cuneoairport.com En fin de matin\u00e9e aujourd&rsquo;hui &#8211; gJeudi 21 janvier [&hellip;]<\/p>\n","protected":false},"author":1,"featured_media":0,"comment_status":"closed","ping_status":"open","sticky":false,"template":"","format":"standard","meta":{"_acf_changed":false,"_et_pb_use_builder":"","_et_pb_old_content":"","_et_gb_content_width":"","footnotes":""},"categories":[71],"tags":[],"class_list":["post-4112","post","type-post","status-publish","format-standard","hentry","category-communiques-de-presse"],"acf":[],"_links":{"self":[{"href":"https:\/\/cuneoairport.com\/fr\/wp-json\/wp\/v2\/posts\/4112","targetHints":{"allow":["GET"]}}],"collection":[{"href":"https:\/\/cuneoairport.com\/fr\/wp-json\/wp\/v2\/posts"}],"about":[{"href":"https:\/\/cuneoairport.com\/fr\/wp-json\/wp\/v2\/types\/post"}],"author":[{"embeddable":true,"href":"https:\/\/cuneoairport.com\/fr\/wp-json\/wp\/v2\/users\/1"}],"replies":[{"embeddable":true,"href":"https:\/\/cuneoairport.com\/fr\/wp-json\/wp\/v2\/comments?post=4112"}],"version-history":[{"count":0,"href":"https:\/\/cuneoairport.com\/fr\/wp-json\/wp\/v2\/posts\/4112\/revisions"}],"wp:attachment":[{"href":"https:\/\/cuneoairport.com\/fr\/wp-json\/wp\/v2\/media?parent=4112"}],"wp:term":[{"taxonomy":"category","embeddable":true,"href":"https:\/\/cuneoairport.com\/fr\/wp-json\/wp\/v2\/categories?post=4112"},{"taxonomy":"post_tag","embeddable":true,"href":"https:\/\/cuneoairport.com\/fr\/wp-json\/wp\/v2\/tags?post=4112"}],"curies":[{"name":"wp","href":"https:\/\/api.w.org\/{rel}","templated":true}]}}