{"id":4111,"date":"2021-08-30T16:18:54","date_gmt":"2021-08-30T14:18:54","guid":{"rendered":"https:\/\/cuneoairport.com\/nuovosito\/trois-nouvelles-lignes-albastar-depuis-laeroport-de-cuneo-envolez-vous-vers-palma-de-majorque-minorque-et-lampedusa\/"},"modified":"2021-08-30T19:58:44","modified_gmt":"2021-08-30T17:58:44","slug":"trois-nouvelles-lignes-albastar-depuis-laeroport-de-cuneo-envolez-vous-vers-palma-de-majorque-minorque-et-lampedusa","status":"publish","type":"post","link":"https:\/\/cuneoairport.com\/fr\/trois-nouvelles-lignes-albastar-depuis-laeroport-de-cuneo-envolez-vous-vers-palma-de-majorque-minorque-et-lampedusa\/","title":{"rendered":"Trois nouvelles lignes Albastar depuis l&rsquo;a\u00e9roport de Cuneo : envolez-vous vers Palma de Majorque, Minorque et Lampedusa"},"content":{"rendered":"<div class=\"meta_single meta_deko\">\n<h4 class=\"meta \"><span class=\"post-date\">31 MARS 2021<span class=\"divider\"> \u2022<\/span><\/span><strong><span class=\"categs\"> A\u00c9ROPORT DE CUNEO<\/span><\/strong><\/h4>\n<\/div>\n<h2 class=\"entry-title p-border\">Trois nouvelles lignes Albastar depuis l&rsquo;a\u00e9roport de Cuneo : envolez-vous vers Palma de Majorque, Minorque et Lampedusa<\/h2>\n<div class=\"tmnf_excerpt\">\n<p>De fin juillet \u00e0 mi-septembre liaisons hebdomadaires tous les mardis vers les Bal\u00e9ares et tous les jeudis vers l&rsquo;\u00eele sicilienne<\/p>\n<p><strong>Trois nouvelles liaisons depuis l&rsquo;a\u00e9roport de Cuneo avec Albastar. La compagnie a\u00e9rienne espagnole, en effet, \u00e0 partir du 27 juillet prochain, ouvrira deux nouvelles routes vers l&rsquo;Espagne avec pour destination Palma de Majorque et Minorque. Mais ce n&rsquo;est pas tout : \u00e0 partir du 29 juillet, il y aura \u00e9galement une nouvelle connexion vers l&rsquo;\u00eele de Lampedusa. Les vols seront op\u00e9rationnels jusqu&rsquo;\u00e0 la mi-septembre, avec des fr\u00e9quences hebdomadaires tous les mardis vers les Bal\u00e9ares et tous les jeudis vers l&rsquo;\u00eele sicilienne. La nouvelle liaison triple hebdomadaire entre Cuneo et les plus belles \u00eeles de la mer M\u00e9diterran\u00e9e pour la p\u00e9riode estivale repr\u00e9sente une belle opportunit\u00e9 pour les habitants de la r\u00e9gion de Cuneo, mais aussi de tout le Nord-Ouest amoureux de la mer cristalline, qui seront ainsi en mesure de d\u00e9couvrir de nouvelles stations baln\u00e9aires, coups de coeur d\u00e8s le large \u00e9ventail de routes a\u00e9riennes au d\u00e9part de Cuneo propos\u00e9es par Albastar.<\/strong><\/p>\n<p>\u00ab Palma de Majorque, Minorque et Lampedusa s&rsquo;ajoutent \u00e0 la connexion d\u00e9j\u00e0 existante vers Trapani, faisant quatre destinations desservies directement depuis l&rsquo;a\u00e9roport de Cuneo. Albastar devient donc un point de r\u00e9f\u00e9rence important pour le tourisme de loisirs au d\u00e9part de Cuneo avec une attention particuli\u00e8re \u00e9galement vers le Pi\u00e9mont entrant en provenance de Sicile et des deux \u00eeles espagnoles &#8211; commente-t-il<strong> Giancarlo Celani<\/strong> , directeur commercial et directeur g\u00e9n\u00e9ral adjoint d&rsquo;Albastar -. Les nouvelles liaisons sont le r\u00e9sultat d&rsquo;un effort conjoint entre le transporteur et l&rsquo;a\u00e9roport, visant \u00e0 cr\u00e9er un produit de qualit\u00e9 consolid\u00e9 dans le temps \u00bb.<\/p>\n<p>\u00ab\u00a0Les nouvelles routes sur Palma de Majorque, Minorque et Lampedusa sont embl\u00e9matiques du renforcement et de la croissance de la collaboration entre Albastar et l&rsquo;a\u00e9roport de Cuneo &#8211; souligne<strong> Anna Milanese,<\/strong> Directeur g\u00e9n\u00e9ral de l&rsquo;a\u00e9roport de Cuneo -. Avec Albastar, vous pouvez voler vers les destinations les plus exclusives de la M\u00e9diterran\u00e9e, confortablement depuis Cuneo, en arrivant \u00e0 destination en moins de deux heures. Pouvoir lancer ces nouvelles routes en pleine saison estivale signifie pour nous assouvir le d\u00e9sir des gens de retourner voyager et de s&rsquo;\u00e9vader apr\u00e8s ces longues p\u00e9riodes de restrictions de voyage\u00a0\u00bb.<\/p>\n<p>L&rsquo;exploitation des vols hebdomadaires d&rsquo;Albastar de l&rsquo;a\u00e9roport de Cuneo \u00e0<strong> Palma de Majorque<\/strong> Et<strong> Minorque<\/strong> , en vigueur du 27 juillet au 14 septembre sont :<\/p>\n<p><strong>Mardi<\/strong><\/p>\n<p>AP431 Palma de Majorque &#8211; Coni 07:10 08:45<\/p>\n<p>AP436 Coni &#8211; Minorque 09:45 11:10<\/p>\n<p>AP435 Minorque &#8211; Coni 12:10 13:30<\/p>\n<p>AP432 Coni &#8211; Palma de Majorque 14:20 16:00<\/p>\n<p>L&rsquo;exploitation des vols hebdomadaires d&rsquo;Albastar de l&rsquo;a\u00e9roport de Cuneo \u00e0<strong> Lampedusa<\/strong> , en vigueur du 29 juillet au 16 septembre sont :<\/p>\n<p><strong>jeudi<\/strong><\/p>\n<p>AP438 Lampedusa &#8211; Coni 14:50 16:45<\/p>\n<p>AP437 Coni &#8211; Lampedusa 17:40 19:30<\/p>\n<p>Les vols peuvent \u00eatre achet\u00e9s sur le site www.albastar.es et dans les agences de voyages traditionnelles et en ligne. Pour informations et r\u00e9servations, le call center r\u00e9pond au num\u00e9ro +39 095.311503, mail<a href=\"mailto:callcenter@albastar.es\"> callcenter@albastar.es<\/a> .<\/p>\n<p>ALBASTAIRE :<\/p>\n<p><em>Albastar, membre de l&rsquo;IATA avec certification IOSA, est une compagnie a\u00e9rienne priv\u00e9e espagnole avec les normes op\u00e9rationnelles et de s\u00e9curit\u00e9 les plus \u00e9lev\u00e9es. Implant\u00e9 de mani\u00e8re permanente en Italie depuis 2014, le transporteur a \u00e9t\u00e9 fond\u00e9 en 2009 et est devenu au fil des ans une r\u00e9f\u00e9rence pour les voyagistes, les courtiers, les associations sportives et les clients individuels, offrant au march\u00e9 un mod\u00e8le commercial de plus en plus flexible qui offre des horaires r\u00e9guliers, sur -la demande et les liaisons routi\u00e8res religieuses. Albastar op\u00e8re avec une flotte de cinq B737-800NG configur\u00e9s avec 189 si\u00e8ges en classe et un B737-400 configur\u00e9 avec 170 si\u00e8ges en classe unique, qui sont conformes aux normes de s\u00e9curit\u00e9 les plus strictes et les plus strictes requises par l&rsquo;EASA.<\/em><\/p>\n<p><a href=\"https:\/\/www.autorivari.com\/tre-nuove-rotte-albastar-dallaeroporto-di-cuneo-si-vola-verso-palma-di-maiorca-minorca-e-lampedusa\/\">SOURCE-Autorivari.com<\/a><\/p>\n<\/div>\n","protected":false},"excerpt":{"rendered":"<p>31 MARS 2021 \u2022 A\u00c9ROPORT DE CUNEO Trois nouvelles lignes Albastar depuis l&rsquo;a\u00e9roport de Cuneo : envolez-vous vers Palma de Majorque, Minorque et Lampedusa De fin juillet \u00e0 mi-septembre liaisons hebdomadaires tous les mardis vers les Bal\u00e9ares et tous les jeudis vers l&rsquo;\u00eele sicilienne Trois nouvelles liaisons depuis l&rsquo;a\u00e9roport de Cuneo avec Albastar. La compagnie [&hellip;]<\/p>\n","protected":false},"author":1,"featured_media":0,"comment_status":"closed","ping_status":"open","sticky":false,"template":"","format":"standard","meta":{"_acf_changed":false,"_et_pb_use_builder":"","_et_pb_old_content":"","_et_gb_content_width":"","footnotes":""},"categories":[71],"tags":[],"class_list":["post-4111","post","type-post","status-publish","format-standard","hentry","category-communiques-de-presse"],"acf":[],"_links":{"self":[{"href":"https:\/\/cuneoairport.com\/fr\/wp-json\/wp\/v2\/posts\/4111","targetHints":{"allow":["GET"]}}],"collection":[{"href":"https:\/\/cuneoairport.com\/fr\/wp-json\/wp\/v2\/posts"}],"about":[{"href":"https:\/\/cuneoairport.com\/fr\/wp-json\/wp\/v2\/types\/post"}],"author":[{"embeddable":true,"href":"https:\/\/cuneoairport.com\/fr\/wp-json\/wp\/v2\/users\/1"}],"replies":[{"embeddable":true,"href":"https:\/\/cuneoairport.com\/fr\/wp-json\/wp\/v2\/comments?post=4111"}],"version-history":[{"count":0,"href":"https:\/\/cuneoairport.com\/fr\/wp-json\/wp\/v2\/posts\/4111\/revisions"}],"wp:attachment":[{"href":"https:\/\/cuneoairport.com\/fr\/wp-json\/wp\/v2\/media?parent=4111"}],"wp:term":[{"taxonomy":"category","embeddable":true,"href":"https:\/\/cuneoairport.com\/fr\/wp-json\/wp\/v2\/categories?post=4111"},{"taxonomy":"post_tag","embeddable":true,"href":"https:\/\/cuneoairport.com\/fr\/wp-json\/wp\/v2\/tags?post=4111"}],"curies":[{"name":"wp","href":"https:\/\/api.w.org\/{rel}","templated":true}]}}