{"id":4103,"date":"2021-08-30T16:18:34","date_gmt":"2021-08-30T14:18:34","guid":{"rendered":"https:\/\/cuneoairport.com\/nuovosito\/cagliari\/"},"modified":"2026-03-23T16:03:58","modified_gmt":"2026-03-23T15:03:58","slug":"cagliari","status":"publish","type":"post","link":"https:\/\/cuneoairport.com\/fr\/cagliari\/","title":{"rendered":"Cagliari"},"content":{"rendered":"<p>[et_pb_section fb_built=\u00a0\u00bb1&Prime; admin_label=\u00a0\u00bbsection\u00a0\u00bb _builder_version=\u00a0\u00bb4.16&Prime; custom_padding=\u00a0\u00bb||3px|||\u00a0\u00bb global_colors_info=\u00a0\u00bb{}\u00a0\u00bb][et_pb_row column_structure=\u00a0\u00bb2_5,3_5&Prime; _builder_version=\u00a0\u00bb4.16&Prime; background_size=\u00a0\u00bbinitial\u00a0\u00bb background_position=\u00a0\u00bbtop_left\u00a0\u00bb background_repeat=\u00a0\u00bbrepeat\u00a0\u00bb width=\u00a0\u00bb100%\u00a0\u00bb min_height=\u00a0\u00bb670.4px\u00a0\u00bb custom_margin=\u00a0\u00bb-49px|auto|-15px|auto||\u00a0\u00bb custom_padding=\u00a0\u00bb0px||0px|||\u00a0\u00bb global_colors_info=\u00a0\u00bb{}\u00a0\u00bb][et_pb_column type=\u00a0\u00bb2_5&Prime; _builder_version=\u00a0\u00bb4.16&Prime; custom_padding=\u00a0\u00bb|||\u00a0\u00bb global_colors_info=\u00a0\u00bb{}\u00a0\u00bb custom_padding__hover=\u00a0\u00bb|||\u00a0\u00bb][et_pb_text _builder_version=\u00a0\u00bb4.27.2&Prime; background_size=\u00a0\u00bbinitial\u00a0\u00bb background_position=\u00a0\u00bbtop_left\u00a0\u00bb background_repeat=\u00a0\u00bbrepeat\u00a0\u00bb width=\u00a0\u00bb100%\u00a0\u00bb min_height=\u00a0\u00bb503.1px\u00a0\u00bb overflow-x=\u00a0\u00bbvisible\u00a0\u00bb custom_margin=\u00a0\u00bb-1px|-50px||||\u00a0\u00bb custom_padding=\u00a0\u00bb|0px||||\u00a0\u00bb global_colors_info=\u00a0\u00bb{}\u00a0\u00bb]                  <\/p>\n<p style=\"text-align: justify;\">\n                    <b>Cagliari<\/b><br \/>\n                    <span style=\"font-weight: 400;\">, capitale et ville la plus peupl\u00e9e de la Sardaigne, riche en histoire, vie nocturne, monuments, attractions naturelles, c&rsquo;est sans aucun doute l&rsquo;une des villes d&rsquo;Italie qui vaut le d\u00e9tour et constitue un excellent point de d\u00e9part pour d\u00e9couvrir toute la partie sud de la Sardaigne ! Nich\u00e9e entre mer et montagnes, Cagliari est la destination id\u00e9ale pour une escapade baln\u00e9aire en toute saison et l&rsquo;une des portes d&rsquo;entr\u00e9e des plus belles plages du sud de la Sardaigne. Le long de ses 50 kilom\u00e8tres de littoral, vous trouverez forc\u00e9ment la plage de vos r\u00eaves : piscines naturelles, plages de sable blanc et criques rocheuses. Mais la Sardaigne ne se r\u00e9sume pas \u00e0 la mer : ses villes et villages regorgent de ruelles pav\u00e9es, de parcs, de sentiers de randonn\u00e9e et de sites arch\u00e9ologiques \u00e0 d\u00e9couvrir ! \u00c0 Cagliari, ville de p\u00eacheurs et v\u00e9ritable carrefour de cultures, ne manquez pas de go\u00fbter \u00e0 la cuisine locale. Riche d&rsquo;une histoire culinaire vari\u00e9e et diversifi\u00e9e, elle est impr\u00e9gn\u00e9e d&rsquo;influences et de traditions, des fruits de mer aux plats de viande, en passant par les mets ruraux et pastoraux \u00e0 base de gibier, de p\u00eache et de cueillette de plantes sauvages. <\/span>\n                  <\/p>\n<p style=\"text-align: justify;\">[\/et_pb_text][\/et_pb_column][et_pb_column type=\u00a0\u00bb3_5&Prime; _builder_version=\u00a0\u00bb4.16&Prime; _module_preset=\u00a0\u00bbdefault\u00a0\u00bb global_colors_info=\u00a0\u00bb{}\u00a0\u00bb][et_pb_text _builder_version=\u00a0\u00bb4.27.2&Prime; _module_preset=\u00a0\u00bbdefault\u00a0\u00bb min_height=\u00a0\u00bb83.3px\u00a0\u00bb custom_margin=\u00a0\u00bb||60px|||\u00a0\u00bb link_option_url=\u00a0\u00bbhttps:\/\/www.ryanair.com\/flights\/it\/it\/voli-a-cuneo\u00a0\u00bb global_colors_info=\u00a0\u00bb{}\u00a0\u00bb]                  <\/p>\n<table style=\"height: 65px; width: 100%; border-collapse: collapse;\" border=\"0\">\n<tbody>\n<tr style=\"height: 65px;\">\n<td style=\"width: 25.6183%; height: 65px;\">\n<h4 style=\"text-align: right;\">EXPLOIT\u00c9 \u00c0 PARTIR DU 03\/06\/2026 PAR<\/h4>\n<\/td>\n<td style=\"width: 74.3817%; height: 65px;\">  <img loading=\"lazy\" decoding=\"async\" class=\"wp-image-7473 alignnone size-medium\" style=\"float: left;\" src=\"https:\/\/cuneoairport.com\/wp-content\/uploads\/2021\/09\/Ryanair_logo-300x41.png\" alt=\"\" width=\"300\" height=\"41\"><\/td>\n<\/tr>\n<\/tbody>\n<\/table>\n<p>[\/et_pb_text][et_pb_text _builder_version=\u00a0\u00bb4.27.2&Prime; _module_preset=\u00a0\u00bbdefault\u00a0\u00bb min_height=\u00a0\u00bb83.3px\u00a0\u00bb custom_margin=\u00a0\u00bb||60px|||\u00a0\u00bb link_option_url=\u00a0\u00bbhttps:\/\/www.aeroitalia.com\/nuova-rotta-cagliari-cuneo\u00a0\u00bb global_colors_info=\u00a0\u00bb{}\u00a0\u00bb]                  <\/p>\n<table style=\"height: 65px; width: 100%; border-collapse: collapse;\" border=\"0\">\n<tbody>\n<tr style=\"height: 65px;\">\n<td style=\"width: 25.6183%; height: 65px;\">\n<h4 style=\"text-align: right;\">EXPLOIT\u00c9 \u00c0 PARTIR DU 19\/12\/2025 PAR<\/h4>\n<\/td>\n<td style=\"width: 74.3817%; height: 65px;\">  <img loading=\"lazy\" decoding=\"async\" class=\"alignnone wp-image-18506 size-medium\" style=\"float: left;\" src=\"https:\/\/cuneoairport.com\/wp-content\/uploads\/2021\/07\/logo-trasparente-1-300x82.png\" alt=\"\" width=\"300\" height=\"82\"><\/td>\n<\/tr>\n<\/tbody>\n<\/table>\n<p>[\/et_pb_text][et_pb_gallery gallery_ids=\u00a0\u00bb13473,13476,13479,13482&Prime; fullwidth=\u00a0\u00bbon\u00a0\u00bb _builder_version=\u00a0\u00bb4.16&Prime; _module_preset=\u00a0\u00bbdefault\u00a0\u00bb background_layout=\u00a0\u00bbdark\u00a0\u00bb width=\u00a0\u00bb100%\u00a0\u00bb min_height=\u00a0\u00bb215.5px\u00a0\u00bb custom_margin=\u00a0\u00bb-54px|||||\u00a0\u00bb custom_padding=\u00a0\u00bb1px||2px|||\u00a0\u00bb animation_style=\u00a0\u00bbfade\u00a0\u00bb auto=\u00a0\u00bbon\u00a0\u00bb auto_speed=\u00a0\u00bb5000&Prime; hover_transition_speed_curve=\u00a0\u00bbease-in-out\u00a0\u00bb global_colors_info=\u00a0\u00bb{}\u00a0\u00bb][\/et_pb_gallery][et_pb_text _builder_version=\u00a0\u00bb4.16&Prime; _module_preset=\u00a0\u00bbdefault\u00a0\u00bb custom_padding=\u00a0\u00bb|0px||0px||\u00a0\u00bb global_colors_info=\u00a0\u00bb{}\u00a0\u00bb]                  <\/p>\n<h4 style=\"text-align: center;\">\n                    <strong>Cagliari vaut vraiment le d\u00e9tour en toute saison !<\/strong><br \/>\n                  <\/h4>\n<p>[\/et_pb_text][et_pb_button button_url=\u00a0\u00bbhttps:\/\/www.ryanair.com\/flights\/it\/it\/voli-a-cuneo\u00a0\u00bb url_new_window=\u00a0\u00bbon\u00a0\u00bb button_text=\u00a0\u00bbACQUISTA  ORA SU RYANAIR\u00a0\u00bb button_alignment=\u00a0\u00bbcenter\u00a0\u00bb _builder_version=\u00a0\u00bb4.16&Prime; _module_preset=\u00a0\u00bbdefault\u00a0\u00bb custom_button=\u00a0\u00bbon\u00a0\u00bb button_text_size=\u00a0\u00bb30px\u00a0\u00bb button_bg_enable_image=\u00a0\u00bboff\u00a0\u00bb button_bg_size=\u00a0\u00bbcontain\u00a0\u00bb button_bg_position=\u00a0\u00bbbottom_center\u00a0\u00bb button_bg_blend=\u00a0\u00bboverlay\u00a0\u00bb custom_margin=\u00a0\u00bb50px|||||\u00a0\u00bb global_colors_info=\u00a0\u00bb{}\u00a0\u00bb][\/et_pb_button][et_pb_button button_url=\u00a0\u00bbhttps:\/\/www.aeroitalia.com\/nuova-rotta-cagliari-cuneo\u00a0\u00bb url_new_window=\u00a0\u00bbon\u00a0\u00bb button_text=\u00a0\u00bbACQUISTA  ORA SU AEROITALIA\u00a0\u00bb button_alignment=\u00a0\u00bbcenter\u00a0\u00bb _builder_version=\u00a0\u00bb4.27.2&Prime; _module_preset=\u00a0\u00bbdefault\u00a0\u00bb custom_button=\u00a0\u00bbon\u00a0\u00bb button_text_size=\u00a0\u00bb30px\u00a0\u00bb button_bg_enable_image=\u00a0\u00bboff\u00a0\u00bb button_bg_size=\u00a0\u00bbcontain\u00a0\u00bb button_bg_position=\u00a0\u00bbbottom_center\u00a0\u00bb button_bg_blend=\u00a0\u00bboverlay\u00a0\u00bb custom_margin=\u00a0\u00bb50px|||||\u00a0\u00bb global_colors_info=\u00a0\u00bb{}\u00a0\u00bb][\/et_pb_button][\/et_pb_column][\/et_pb_row][\/et_pb_section]<\/p>\n","protected":false},"excerpt":{"rendered":"<p>Cagliari , capitale et ville la plus peupl\u00e9e de la Sardaigne, riche en histoire, vie nocturne, monuments, attractions naturelles, c&rsquo;est sans aucun doute l&rsquo;une des villes d&rsquo;Italie qui vaut le d\u00e9tour et constitue un excellent point de d\u00e9part pour d\u00e9couvrir toute la partie sud de la Sardaigne ! Nich\u00e9e entre mer et montagnes, Cagliari est [&hellip;]<\/p>\n","protected":false},"author":3,"featured_media":4895,"comment_status":"closed","ping_status":"open","sticky":true,"template":"","format":"standard","meta":{"_acf_changed":false,"_et_pb_use_builder":"on","_et_pb_old_content":"","_et_gb_content_width":"","footnotes":""},"categories":[70],"tags":[],"class_list":["post-4103","post","type-post","status-publish","format-standard","has-post-thumbnail","hentry","category-destinations-fr"],"acf":[],"_links":{"self":[{"href":"https:\/\/cuneoairport.com\/fr\/wp-json\/wp\/v2\/posts\/4103","targetHints":{"allow":["GET"]}}],"collection":[{"href":"https:\/\/cuneoairport.com\/fr\/wp-json\/wp\/v2\/posts"}],"about":[{"href":"https:\/\/cuneoairport.com\/fr\/wp-json\/wp\/v2\/types\/post"}],"author":[{"embeddable":true,"href":"https:\/\/cuneoairport.com\/fr\/wp-json\/wp\/v2\/users\/3"}],"replies":[{"embeddable":true,"href":"https:\/\/cuneoairport.com\/fr\/wp-json\/wp\/v2\/comments?post=4103"}],"version-history":[{"count":12,"href":"https:\/\/cuneoairport.com\/fr\/wp-json\/wp\/v2\/posts\/4103\/revisions"}],"predecessor-version":[{"id":18815,"href":"https:\/\/cuneoairport.com\/fr\/wp-json\/wp\/v2\/posts\/4103\/revisions\/18815"}],"wp:featuredmedia":[{"embeddable":true,"href":"https:\/\/cuneoairport.com\/fr\/wp-json\/wp\/v2\/media\/4895"}],"wp:attachment":[{"href":"https:\/\/cuneoairport.com\/fr\/wp-json\/wp\/v2\/media?parent=4103"}],"wp:term":[{"taxonomy":"category","embeddable":true,"href":"https:\/\/cuneoairport.com\/fr\/wp-json\/wp\/v2\/categories?post=4103"},{"taxonomy":"post_tag","embeddable":true,"href":"https:\/\/cuneoairport.com\/fr\/wp-json\/wp\/v2\/tags?post=4103"}],"curies":[{"name":"wp","href":"https:\/\/api.w.org\/{rel}","templated":true}]}}