{"id":18718,"date":"2026-03-04T16:50:50","date_gmt":"2026-03-04T15:50:50","guid":{"rendered":"https:\/\/cuneoairport.com\/declaration-daccessibilite\/"},"modified":"2026-03-04T16:50:50","modified_gmt":"2026-03-04T15:50:50","slug":"declaration-daccessibilite","status":"publish","type":"post","link":"https:\/\/cuneoairport.com\/fr\/declaration-daccessibilite\/","title":{"rendered":"D\u00e9claration d&rsquo;accessibilit\u00e9"},"content":{"rendered":"<p>          [et_pb_section fb_built=\u00a0\u00bb1&Prime; _builder_version=\u00a0\u00bb4.16&Prime; global_colors_info=\u00a0\u00bb{}\u00a0\u00bb]<br \/>\n            [et_pb_row _builder_version=\u00a0\u00bb4.16&Prime; background_size=\u00a0\u00bbinitial\u00a0\u00bb background_position=\u00a0\u00bbtop_left\u00a0\u00bb background_repeat=\u00a0\u00bbrepeat\u00a0\u00bb global_colors_info=\u00a0\u00bb{}\u00a0\u00bb]<br \/>\n              [et_pb_column type=\u00a0\u00bb4_4&Prime; _builder_version=\u00a0\u00bb4.16&Prime; custom_padding=\u00a0\u00bb|||\u00a0\u00bb global_colors_info=\u00a0\u00bb{}\u00a0\u00bb custom_padding__hover=\u00a0\u00bb|||\u00a0\u00bb]<br \/>\n                [et_pb_text _builder_version=\u00a0\u00bb4.27.2&Prime; _module_preset=\u00a0\u00bbdefault\u00a0\u00bb hover_enabled=\u00a0\u00bb0&Prime; sticky_enabled=\u00a0\u00bb0&Prime;]<\/p>\n<p>Conform\u00e9ment \u00e0 la directive europ\u00e9enne 2016\/2102, au d\u00e9cret l\u00e9gislatif 106\/2018, aux lignes directrices de l&rsquo;AgID 2022 et \u00e0 la loi europ\u00e9enne sur l&rsquo;accessibilit\u00e9 (directive europ\u00e9enne 2019\/882). <\/p>\n<p>1. Informations sur le prestataireSite web examin\u00e9 : https:\/\/cuneoairport.com\/ &#8211; portail officiel de l&rsquo;a\u00e9roport de Cuneo Levaldigi (code IATA CUF)<br \/>Gestionnaire : GEAC S.p.A. &#8211; Strada Statale 20 n. 1, 12038 Levaldigi-Savigliano (CN)<br \/>Responsable interne de l&rsquo;accessibilit\u00e9 (R.A.) Ing. Carla Rossi &#8211; ICT &amp; Compliance Manager &#8211; info@cuneoairport.com<br \/>Date de pr\u00e9paration de la pr\u00e9sente d\u00e9claration : 27 juin 2025<br \/>M\u00e9thodologie adopt\u00e9e : auto-\u00e9valuation, int\u00e9grant des tests automatiques, des inspections manuelles et des tests de la technologie d&rsquo;assistance. <\/p>\n<p>2. Port\u00e9e et m\u00e9thodologie de l&rsquo;\u00e9valuation25 pages repr\u00e9sentatives du site ont \u00e9t\u00e9 analys\u00e9es \u00e0 l&rsquo;aide de Google Lighthouse, WAVE et axe-core CLI. Un audit manuel a \u00e9t\u00e9 r\u00e9alis\u00e9 \u00e0 l&rsquo;aide de NVDA 2024.1, VoiceOver (iOS 17) et des tests de navigation au clavier. L&rsquo;\u00e9valuation a \u00e9t\u00e9 r\u00e9alis\u00e9e en r\u00e9f\u00e9rence aux WCAG 2.1 niveau AA.  <\/p>\n<p>3. Technologies d\u00e9pendantesCMS WordPress 6.5 avec le constructeur de pages Elementor, le cadre Bootstrap 4, jQuery 3.6 et Swiper.js pour les curseurs. Les documents PDF sont principalement g\u00e9n\u00e9r\u00e9s par Microsoft Office et InDesign. Il existe des int\u00e9grations tierces essentielles (Google Maps, banni\u00e8re CookieYes, plugin JetBooking).  <\/p>\n<p>4. Statut de conformit\u00e9Le site est partiellement conforme aux exigences des WCAG 2.1 niveau AA. Sur 53 crit\u00e8res analys\u00e9s : 32 sont conformes, 15 partiellement conformes et 6 non conformes. <\/p>\n<p>5. D\u00e9tails des crit\u00e8res non conformes ou partiellement conformes<\/p>\n<table class=\"t1\" cellspacing=\"0\" cellpadding=\"0\">\n<tbody>\n<tr>\n<td class=\"td1\" valign=\"top\">Crit\u00e8res WCAG<\/td>\n<td class=\"td1\" valign=\"top\">Statut<\/td>\n<td class=\"td1\" valign=\"top\">Preuve<\/td>\n<td class=\"td1\" valign=\"top\">Impact sur l&rsquo;utilisateur<\/td>\n<\/tr>\n<tr>\n<td class=\"td2\" valign=\"top\">1.1.1 Contenu non textuel<\/td>\n<td class=\"td2\" valign=\"top\">Partiellement conforme<\/td>\n<td class=\"td2\" valign=\"top\">Certaines images informatives sont accompagn\u00e9es d&rsquo;un texte g\u00e9n\u00e9rique ou d&rsquo;un texte de remplacement manquant.<\/td>\n<td class=\"td2\" valign=\"top\">Les lecteurs d&rsquo;\u00e9cran ne d\u00e9crivent pas correctement le contenu.<\/td>\n<\/tr>\n<tr>\n<td class=\"td2\" valign=\"top\">1.4.3 Contraste (minimum)<\/td>\n<td class=\"td2\" valign=\"top\">Non conforme<\/td>\n<td class=\"td2\" valign=\"top\">Texte blanc sur fond jaune (#F9D94B) avec un rapport de 3,1 : 1<\/td>\n<td class=\"td2\" valign=\"top\">Les utilisateurs malvoyants ont des difficult\u00e9s \u00e0 lire les appels \u00e0 l&rsquo;action.<\/td>\n<\/tr>\n<tr>\n<td class=\"td3\" valign=\"top\">2.1.1 Clavier<\/td>\n<td class=\"td3\" valign=\"top\">Partiellement conforme<\/td>\n<td class=\"td3\" valign=\"top\">Le curseur d&rsquo;accueil ne peut pas \u00eatre arr\u00eat\u00e9 \u00e0 partir du clavier ; l&rsquo;attention est bloqu\u00e9e dans le menu mobile.<\/td>\n<td class=\"td3\" valign=\"top\">Navigation lin\u00e9aire compromise<\/td>\n<\/tr>\n<tr>\n<td class=\"td4\" valign=\"top\">2.4.1 Blocs de d\u00e9rivation<\/td>\n<td class=\"td4\" valign=\"top\">Non conforme<\/td>\n<td class=\"td4\" valign=\"top\">Absence de liens \u00ab\u00a0Skip to content\u00a0\u00bb et de points de rep\u00e8re &lt;principal&gt;<\/td>\n<td class=\"td4\" valign=\"top\">Chaque page n\u00e9cessite de passer par de nombreux liens de navigation<\/td>\n<\/tr>\n<tr>\n<td class=\"td2\" valign=\"top\">4.1.2 Nom, r\u00f4le, valeur<\/td>\n<td class=\"td2\" valign=\"top\">Non conforme<\/td>\n<td class=\"td2\" valign=\"top\">Banni\u00e8re de cookies dans le Shadow-DOM sans attributs ARIA expos\u00e9s<\/td>\n<td class=\"td2\" valign=\"top\">Les commandes ne sont pas correctement annonc\u00e9es par les technologies d&rsquo;assistance<\/td>\n<\/tr>\n<\/tbody>\n<\/table>\n<p>6. Contenu exempt\u00e9 ou faisant l&rsquo;objet d&rsquo;une charge disproportionn\u00e9e &#8211; Vid\u00e9os de tiers (Facebook, Instagram) sans sous-titres : exempt\u00e9es en vertu de l&rsquo;article 3-c de la directive.<br \/>&#8211; Documents PDF historiques non \u00e9tiquet\u00e9s (2009-2015) : conversion compl\u00e8te d\u00e9clar\u00e9e comme faisant l&rsquo;objet d&rsquo;une charge disproportionn\u00e9e ;<\/p>\n<p>7. M\u00e9canisme de retour d&rsquo;information et coordonn\u00e9esLes rapports d&rsquo;accessibilit\u00e9, les demandes de contenu alternatif ou les suggestions peuvent \u00eatre envoy\u00e9s \u00e0 :<br \/>&#8211; Formulaire en ligne \u00ab\u00a0Suggestions et plaintes\u00a0\u00bb sur le site web.<br \/>&#8211; Courriel : info@cuneoairport.com<br \/>&#8211; T\u00e9l\u00e9phone : +39 0172 741514 (lun-ven 9:00-13:00 \/ 14:00-17:00)<br \/>L&rsquo;op\u00e9rateur s&rsquo;engage \u00e0 r\u00e9pondre dans un d\u00e9lai de 30 jours \u00e0 compter de la date de r\u00e9ception.<\/p>\n<p>8. Proc\u00e9dure de mise en \u0153uvreEn cas de r\u00e9ponse insatisfaisante ou d&rsquo;absence de r\u00e9ponse dans un d\u00e9lai de 30 jours, une plainte peut \u00eatre d\u00e9pos\u00e9e aupr\u00e8s du m\u00e9diateur num\u00e9rique (AgID) en utilisant le formulaire en ligne disponible sur le site de l&rsquo;Agenzia per l&rsquo;Italia Digitale.<\/p>\n<p>9. D\u00e9claration de conformit\u00e9 \u00ab\u00a0Le responsable de l&rsquo;accessibilit\u00e9 soussign\u00e9 certifie que les informations rapport\u00e9es dans le pr\u00e9sent document repr\u00e9sentent le v\u00e9ritable r\u00e9sultat de l&rsquo;audit effectu\u00e9 le 17 juin 2025 et que la direction de GEAC S.p.A. a approuv\u00e9 le plan d&rsquo;adaptation indiqu\u00e9 ci-dessus.\u00a0\u00bb<\/p>\n<p>Derni\u00e8re mise \u00e0 jour : 27 juin 2025.<\/p>\n<p>                [\/et_pb_text]<br \/>\n              [\/et_pb_column]<br \/>\n            [\/et_pb_row]<br \/>\n          [\/et_pb_section]<\/p>\n","protected":false},"excerpt":{"rendered":"<p>D\u00e9claration d&rsquo;accessibilit\u00e9<\/p>\n","protected":false},"author":3,"featured_media":0,"comment_status":"closed","ping_status":"open","sticky":false,"template":"","format":"standard","meta":{"_acf_changed":false,"_et_pb_use_builder":"on","_et_pb_old_content":"","_et_gb_content_width":"","footnotes":""},"categories":[50],"tags":[],"class_list":["post-18718","post","type-post","status-publish","format-standard","hentry","category-non-classifiee"],"acf":[],"_links":{"self":[{"href":"https:\/\/cuneoairport.com\/fr\/wp-json\/wp\/v2\/posts\/18718","targetHints":{"allow":["GET"]}}],"collection":[{"href":"https:\/\/cuneoairport.com\/fr\/wp-json\/wp\/v2\/posts"}],"about":[{"href":"https:\/\/cuneoairport.com\/fr\/wp-json\/wp\/v2\/types\/post"}],"author":[{"embeddable":true,"href":"https:\/\/cuneoairport.com\/fr\/wp-json\/wp\/v2\/users\/3"}],"replies":[{"embeddable":true,"href":"https:\/\/cuneoairport.com\/fr\/wp-json\/wp\/v2\/comments?post=18718"}],"version-history":[{"count":0,"href":"https:\/\/cuneoairport.com\/fr\/wp-json\/wp\/v2\/posts\/18718\/revisions"}],"wp:attachment":[{"href":"https:\/\/cuneoairport.com\/fr\/wp-json\/wp\/v2\/media?parent=18718"}],"wp:term":[{"taxonomy":"category","embeddable":true,"href":"https:\/\/cuneoairport.com\/fr\/wp-json\/wp\/v2\/categories?post=18718"},{"taxonomy":"post_tag","embeddable":true,"href":"https:\/\/cuneoairport.com\/fr\/wp-json\/wp\/v2\/tags?post=18718"}],"curies":[{"name":"wp","href":"https:\/\/api.w.org\/{rel}","templated":true}]}}