{"id":17177,"date":"2024-10-02T16:32:15","date_gmt":"2024-10-02T14:32:15","guid":{"rendered":"https:\/\/cuneoairport.com\/un-vignoble-accueille-les-passagers-a-laeroport-de-cuneo\/"},"modified":"2024-10-02T16:32:15","modified_gmt":"2024-10-02T14:32:15","slug":"un-vignoble-accueille-les-passagers-a-laeroport-de-cuneo","status":"publish","type":"post","link":"https:\/\/cuneoairport.com\/fr\/un-vignoble-accueille-les-passagers-a-laeroport-de-cuneo\/","title":{"rendered":"UN VIGNOBLE ACCUEILLE LES PASSAGERS \u00c0 L&rsquo;A\u00c9ROPORT DE CUNEO"},"content":{"rendered":"<p>          [et_pb_section fb_built=\u00a0\u00bb1&Prime; admin_label=\u00a0\u00bbsection\u00a0\u00bb _builder_version=\u00a0\u00bb4.14.3&Prime; global_colors_info=\u00a0\u00bb{}\u00a0\u00bb]<br \/>\n            [et_pb_row admin_label=\u00a0\u00bbrow\u00a0\u00bb _builder_version=\u00a0\u00bb4.14.3&Prime; background_size=\u00a0\u00bbinitial\u00a0\u00bb background_position=\u00a0\u00bbtop_left\u00a0\u00bb background_repeat=\u00a0\u00bbrepeat\u00a0\u00bb global_colors_info=\u00a0\u00bb{}\u00a0\u00bb]<br \/>\n              [et_pb_column type=\u00a0\u00bb4_4&Prime; _builder_version=\u00a0\u00bb3.25&Prime; custom_padding=\u00a0\u00bb|||\u00a0\u00bb global_colors_info=\u00a0\u00bb{}\u00a0\u00bb custom_padding__hover=\u00a0\u00bb|||\u00a0\u00bb]<br \/>\n                [et_pb_text admin_label=\u00a0\u00bbText\u00a0\u00bb _builder_version=\u00a0\u00bb4.14.3&Prime; background_size=\u00a0\u00bbinitial\u00a0\u00bb background_position=\u00a0\u00bbtop_left\u00a0\u00bb background_repeat=\u00a0\u00bbrepeat\u00a0\u00bb hover_enabled=\u00a0\u00bb0&Prime; global_colors_info=\u00a0\u00bb{}\u00a0\u00bb sticky_enabled=\u00a0\u00bb0&Prime;]<\/p>\n<h4>26 SEPTEMBRE 2024 <span class=\"divider\">&#8211; <\/span><strong><span class=\"categs\">A\u00c9ROPORT DE CUNEO<\/span><\/strong><\/h4>\n<\/p>\n<h2 style=\"text-align: center;\">UN VIGNOBLE POUR ACCUEILLIR LES PASSAGERS DE L&rsquo;AEROPORT DE CUNEO<\/h2>\n<p><em>Levaldigi (CN), 26 septembre 2024<\/em> &#8211; L&rsquo;a\u00e9roport de Cuneo est fier d&rsquo;annoncer la cr\u00e9ation d&rsquo;un vignoble, un projet qui c\u00e9l\u00e8bre le lien avec le riche patrimoine viticole local.<br \/>\nPlant\u00e9 en avril 2024, le vignoble se compose de quatre rang\u00e9es de raisins Pinot Kors, couvrant une superficie de 200 m\u00e8tres carr\u00e9s : trois rang\u00e9es \u00e0 l&rsquo;entr\u00e9e de l&rsquo;a\u00e9rogare et une pr\u00e8s de l&rsquo;a\u00e9rogare. <\/p>\n<p>Gr\u00e2ce \u00e0 cette initiative, qui symbolise les traditions viticoles des Langhe, du Roero et du Monferrato, l&rsquo;objectif est d&rsquo;offrir aux passagers un contact visuel et \u00e9motionnel imm\u00e9diat avec l&rsquo;une des excellences du territoire.<br \/>\nL&rsquo;accueil \u00e0 l&rsquo;a\u00e9roport va au-del\u00e0 du simple confort des voyageurs et s&rsquo;\u00e9tend \u00e0 la capacit\u00e9 de transmettre l&rsquo;\u00e2me d&rsquo;un lieu. <\/p>\n<p>C&rsquo;est pourquoi un petit vignoble a \u00e9t\u00e9 plant\u00e9, refl\u00e9tant ce lien profond et offrant un premier aper\u00e7u de l&rsquo;extraordinaire tradition viticole locale, permettant ainsi \u00e0 l&rsquo;identit\u00e9 et aux valeurs de l&rsquo;a\u00e9roport de Cuneo d&rsquo;\u00eatre racont\u00e9es d\u00e8s le premier pas \u00e0 l&rsquo;ext\u00e9rieur de l&rsquo;a\u00e9rogare.<\/p>\n<p>La r\u00e9alisation du projet a \u00e9t\u00e9 possible gr\u00e2ce \u00e0 la pr\u00e9cieuse collaboration de partenaires locaux.<br \/>\nLa soci\u00e9t\u00e9 Ferro, leader dans le secteur viticole, a fourni les porte-greffes, tandis que l&rsquo;entretien du vignoble a \u00e9t\u00e9 confi\u00e9 \u00e0 Eccomi.<br \/>\nDavide Rosso, de la Giovanni Rosso Winery, est le \u00ab\u00a0parrain\u00a0\u00bb de ce projet.  <\/p>\n<p>[\/et_pb_text]<br \/>\n              [\/et_pb_column]<br \/>\n            [\/et_pb_row]<br \/>\n          [\/et_pb_section]<\/p>\n","protected":false},"excerpt":{"rendered":"<p>26 SEPTEMBRE 2024 &#8211; A\u00c9ROPORT DE CUNEO UN VIGNOBLE POUR ACCUEILLIR LES PASSAGERS DE L&rsquo;AEROPORT DE CUNEO Levaldigi (CN), 26 septembre 2024 &#8211; L&rsquo;a\u00e9roport de Cuneo est fier d&rsquo;annoncer la cr\u00e9ation d&rsquo;un vignoble, un projet qui c\u00e9l\u00e8bre le lien avec le riche patrimoine viticole local. Plant\u00e9 en avril 2024, le vignoble se compose de quatre [&hellip;]<\/p>\n","protected":false},"author":3,"featured_media":17172,"comment_status":"closed","ping_status":"open","sticky":false,"template":"","format":"standard","meta":{"_acf_changed":false,"_et_pb_use_builder":"on","_et_pb_old_content":"","_et_gb_content_width":"","footnotes":""},"categories":[76],"tags":[],"class_list":["post-17177","post","type-post","status-publish","format-standard","has-post-thumbnail","hentry","category-nouvelles"],"acf":[],"_links":{"self":[{"href":"https:\/\/cuneoairport.com\/fr\/wp-json\/wp\/v2\/posts\/17177","targetHints":{"allow":["GET"]}}],"collection":[{"href":"https:\/\/cuneoairport.com\/fr\/wp-json\/wp\/v2\/posts"}],"about":[{"href":"https:\/\/cuneoairport.com\/fr\/wp-json\/wp\/v2\/types\/post"}],"author":[{"embeddable":true,"href":"https:\/\/cuneoairport.com\/fr\/wp-json\/wp\/v2\/users\/3"}],"replies":[{"embeddable":true,"href":"https:\/\/cuneoairport.com\/fr\/wp-json\/wp\/v2\/comments?post=17177"}],"version-history":[{"count":0,"href":"https:\/\/cuneoairport.com\/fr\/wp-json\/wp\/v2\/posts\/17177\/revisions"}],"wp:featuredmedia":[{"embeddable":true,"href":"https:\/\/cuneoairport.com\/fr\/wp-json\/wp\/v2\/media\/17172"}],"wp:attachment":[{"href":"https:\/\/cuneoairport.com\/fr\/wp-json\/wp\/v2\/media?parent=17177"}],"wp:term":[{"taxonomy":"category","embeddable":true,"href":"https:\/\/cuneoairport.com\/fr\/wp-json\/wp\/v2\/categories?post=17177"},{"taxonomy":"post_tag","embeddable":true,"href":"https:\/\/cuneoairport.com\/fr\/wp-json\/wp\/v2\/tags?post=17177"}],"curies":[{"name":"wp","href":"https:\/\/api.w.org\/{rel}","templated":true}]}}