{"id":15249,"date":"2023-08-30T14:12:56","date_gmt":"2023-08-30T12:12:56","guid":{"rendered":"https:\/\/cuneoairport.com\/avis-public-11\/"},"modified":"2023-08-30T14:12:56","modified_gmt":"2023-08-30T12:12:56","slug":"avis-public-11","status":"publish","type":"post","link":"https:\/\/cuneoairport.com\/fr\/avis-public-11\/","title":{"rendered":"AVIS PUBLIC"},"content":{"rendered":"<h2 style=\"text-align: center;\">AVIS DE S\u00c9LECTION<\/h2>\n<h2 style=\"text-align: center;\">PROC\u00c9DURE DE SOUS-CONCESSION D&rsquo;ESPACES DE BUREAUX POUR DES ACTIVIT\u00c9S DE FORMATION PROFESSIONNELLE<\/h2>\n<h4><\/h4>\n<ol>\n<li style=\"list-style-type: none;\">\n<ol>\n<li>1) GEAC Spa Societ\u00e0 di Gestione dell&rsquo;Aeroporto Cuneo dont le si\u00e8ge est \u00e0 Levaldigi, S.P. 20 n1 12038, t\u00e9l. 0172741500 &#8211; fax. 0172 741535 informe qu&rsquo;elle a l&rsquo;intention d&rsquo;identifier le(s) sujet(s) \u00e0 qui elle confiera la sous-concession des zones suivantes, situ\u00e9es \u00e0 l&rsquo;a\u00e9roport \u00ab\u00a0Alpi del Mare\u00a0\u00bb de Cuneo, \u00e0 utiliser pour des activit\u00e9s de formation professionnelle\n<ol>\n<li>Zone situ\u00e9e dans la zone de d\u00e9part <em>c\u00f4t\u00e9 terre<\/em> de l&rsquo;a\u00e9roport de Cuneo d&rsquo;environ 8,5<\/li>\n<\/ol>\n<p>Il est \u00e0 noter que : les relations contractuelles qui seront \u00e9tablies entre GEAC et le Sous-concessionnaire des Zones susvis\u00e9es ne doivent pas s&rsquo;entendre sur une base exclusive. En cons\u00e9quence, le GEAC peut, pendant la dur\u00e9e du Contrat de Sous-Concession des Domaines vis\u00e9s au point a) du pr\u00e9sent article 1, l\u00e9galement mettre \u00e0 la disposition de tiers, y compris des concurrents du Sous-Concessionnaire, des locaux pour l&rsquo;exercice d&rsquo;activit\u00e9s similaires ou identiques \u00e0 celles du Sous-Concessionnaire, ou exercer directement des activit\u00e9s similaires ou identiques \u00e0 celles du Sous-Concessionnaire, \u00e0 l&rsquo;exclusion expresse, dans les deux cas, de toute indemnisation ou compensation en faveur du (des) Sous-Concessionnaire(s).<\/p>\n<p>2) La remise de la Zone vis\u00e9e respectivement \u00e0 la lettre a) de l&rsquo;article n\u00b0 1 ci-dessus au Sous-Concessionnaire s\u00e9lectionn\u00e9 pour la pr\u00e9paration de celle-ci, aura lieu \u00e0 partir du 15 septembre 2023.<\/p>\n<p>La pr\u00e9paration, le cas \u00e9ch\u00e9ant, sera \u00e0 la charge totale du Sous-concessionnaire, qui ne pourra rien r\u00e9clamer \u00e0 GEAC au titre de l&rsquo;investissement r\u00e9alis\u00e9.<\/p>\n<p>3) Les conditions minimales requises pour participer \u00e0 la s\u00e9lection sont les suivantes :<\/p>\n<ol>\n<li>Poss\u00e9der les conditions vis\u00e9es \u00e0 l&rsquo;art. 34 du d\u00e9cret l\u00e9gislatif 163\/2006 et qui ne se trouvent pas dans les causes d&rsquo;exclusion conform\u00e9ment \u00e0 l&rsquo;art. 38 du m\u00eame d\u00e9cret l\u00e9gislatif.<\/li>\n<li>\u00catre en possession d&rsquo;un permis valide pour exercer l&rsquo;activit\u00e9 vis\u00e9e par cette proc\u00e9dure.<\/li>\n<\/ol>\n<p>Il est pr\u00e9cis\u00e9 que l&rsquo;utilisation et la participation \u00e0 la proc\u00e9dure dans les groupements temporaires d&rsquo;entreprises ne sont pas autoris\u00e9es.<\/p>\n<p>4) Les entreprises int\u00e9ress\u00e9es \u00e0 participer \u00e0 la proc\u00e9dure de s\u00e9lection, en possession des exigences minimales indiqu\u00e9es \u00e0 l&rsquo;article 3 ci-dessus, doivent envoyer leur offre, r\u00e9dig\u00e9e en italien, par PEC <a href=\"mailto:geacspa@leagalmail.it\">geacspa@leagalmail.it<\/a> au plus tard <strong><u>au plus tard le 11 septembre 2023 \u00e0 12 heures<\/u><\/strong> \u00e0 l&rsquo;adresse suivante<\/p>\n<p>GEAC Spa &#8211; A\u00e9roport de Coni<\/p>\n<p>Att. Secr\u00e9tariat de gestion<\/p>\n<p>L&rsquo;offre doit \u00eatre re\u00e7ue en un seul envoi, portant comme objet, outre le nom et l&rsquo;adresse de l&rsquo;entreprise, la mention \u00ab\u00a0S\u00c9LECTION POUR LA SOUS-CONCEPTION DE ZONES POUR LES ACTIVIT\u00c9S DE FORMATION PROFESSIONNELLE \u00c0 L&rsquo;A\u00c9ROPORT DE CUNEO\u00a0\u00bb. Pass\u00e9 le d\u00e9lai indiqu\u00e9 ci-dessus, aucune autre demande ne sera consid\u00e9r\u00e9e comme valable. La livraison de l&rsquo;offre reste donc aux seuls risques de l&rsquo;exp\u00e9diteur.<\/p>\n<p>L&rsquo;annexe au PEC doit contenir, sous peine d&rsquo;exclusion, les documents suivants, v\u00e9rifiables a posteriori, sign\u00e9s par le repr\u00e9sentant l\u00e9gal de l&rsquo;entreprise disposant des pouvoirs n\u00e9cessaires :<\/p>\n<ol>\n<li>demande de participation, compl\u00e8te avec toutes les donn\u00e9es d&rsquo;identification de l&rsquo;entreprise<\/li>\n<li>d\u00e9claration de possession des conditions g\u00e9n\u00e9rales vis\u00e9es \u00e0 l&rsquo;art. 38 du d\u00e9cret l\u00e9gislatif 163\/2006.<\/li>\n<li>D\u00e9claration attestant que le concurrent a une licence valide<\/li>\n<li>Offre technique \/ qualitative<\/li>\n<li>Offre \u00e9conomique<\/li>\n<\/ol>\n<p>Il est \u00e0 noter que les d\u00e9clarations indiqu\u00e9es ci-dessus doivent \u00eatre faites conform\u00e9ment \u00e0 l&rsquo;art. 46 et 47 du d\u00e9cret pr\u00e9sidentiel 445\/2000<\/p>\n<p>5) Le crit\u00e8re d&rsquo;attribution de l&rsquo;appel d&rsquo;offres pour la sous-concession de la zone vis\u00e9e respectivement au point a) de l&rsquo;article pr\u00e9c\u00e9dent no. 1 sera d\u00e9termin\u00e9 avec le param\u00e8tre de l&rsquo;offre \u00e9conomiquement la plus avantageuse. L&rsquo;\u00e9valuation des offres re\u00e7ues et l&rsquo;attribution des notes relatives seront effectu\u00e9es par une Commission de Jugement sur la base des indices d&rsquo;\u00e9valuation suivants :<\/p>\n<ol>\n<li>OFFRE TECHNIQUE\/QUALITATIVE : <strong> 40 points<\/strong> au total sur la base de la documentation suivante :\n<ul>\n<li>document relatif aux caract\u00e9ristiques du service et au type de produits propos\u00e9s<\/li>\n<li>projet g\u00e9n\u00e9ral de gestion et de valorisation des espaces existants<\/li>\n<li>curriculum vitae du propri\u00e9taire ou du repr\u00e9sentant l\u00e9gal de l&rsquo;offrant<\/li>\n<\/ul>\n<\/li>\n<\/ol>\n<ol>\n<li>OFFRE \u00c9CONOMIQUE : <strong> 35 points<\/strong> au total\n<ul>\n<li>Frais d&rsquo;appel d&rsquo;offres fixes : fix\u00e9s selon le tableau ci-dessous. Les offres doivent \u00eatre soumises \u00e0 la hausse.<\/li>\n<\/ul>\n<\/li>\n<\/ol>\n<table width=\"435\">\n<tbody>\n<tr>\n<td width=\"190\">P\u00e9riode<\/td>\n<td width=\"79\">1 \u00e8re ann\u00e9e<\/td>\n<td width=\"81\">II ann\u00e9e<\/td>\n<td width=\"85\">III ann\u00e9e<\/td>\n<\/tr>\n<tr>\n<td width=\"190\">\u20ac \/ m\u00b2 \/ an<\/td>\n<td width=\"79\">\u20ac 3.490,00<\/td>\n<td width=\"81\">\u20ac 3.490,00<\/td>\n<td width=\"85\">\u20ac 3.490,00<\/td>\n<\/tr>\n<\/tbody>\n<\/table>\n<p>La superficie de la zone soumise \u00e0 la proc\u00e9dure est fix\u00e9e \u00e0 8,5 m\u00e8tres carr\u00e9s.<\/p>\n<ul>\n<li>Honoraires de base variables : fix\u00e9s selon le tableau ci-dessous. Les offres doivent \u00eatre soumises \u00e0 la hausse.<\/li>\n<\/ul>\n<table width=\"445\">\n<tbody>\n<tr>\n<td width=\"200\">P\u00e9riode<\/td>\n<td width=\"79\">1 \u00e8re ann\u00e9e<\/td>\n<td width=\"81\">II ann\u00e9e<\/td>\n<td width=\"85\">III ann\u00e9e<\/td>\n<\/tr>\n<tr>\n<td width=\"200\">Redevance % sur le chiffre d&rsquo;affaires g\u00e9n\u00e9r\u00e9 par les activit\u00e9s de l&rsquo;a\u00e9roport de Cuneo<\/td>\n<td width=\"79\">3%<\/td>\n<td width=\"81\">4%<\/td>\n<td width=\"85\">5%<\/td>\n<\/tr>\n<\/tbody>\n<\/table>\n<p>Les montants susmentionn\u00e9s seront factur\u00e9s par \u00e9ch\u00e9ances bimensuelles anticip\u00e9es. A la signature du contrat, une caution \u00e9gale \u00e0 deux mois sera exig\u00e9e pour l&rsquo;utilisation des biens d&rsquo;\u00e9quipement.<\/p>\n<p>Les offres seront ouvertes et \u00e9valu\u00e9es par GEAC S.P.A. <strong><u>\u00e0 12 heures le 12 septembre 2023.<\/u><\/strong><\/p>\n<p>6) La sous-concession de chacune des zones distinctes vis\u00e9es respectivement \u00e0 la lettre a) de l&rsquo;article 1 ci-dessus est r\u00e9gie par le contrat correspondant <u>d&rsquo;une <strong>dur\u00e9e de 36 mois<\/strong><\/u>.<\/p>\n<p>(7) Le GEAC se r\u00e9serve le droit d&rsquo;inviter les candidats \u00e0 clarifier ou \u00e0 compl\u00e9ter les d\u00e9clarations et les documents soumis.<\/p>\n<p>8) Le GEAC se r\u00e9serve le droit d&rsquo;attribuer la s\u00e9lection m\u00eame si une seule offre valable est re\u00e7ue.<\/p>\n<p>(9) Le GEAC se r\u00e9serve le droit d&rsquo;annuler ou de r\u00e9voquer la proc\u00e9dure \u00e0 tout moment, de ne pas attribuer et\/ou de conclure les contrats en question sans encourir de responsabilit\u00e9 et\/ou d&rsquo;actions en dommages et int\u00e9r\u00eats, m\u00eame en vertu des articles 1337 et 1338 du code civil.<\/p>\n<p>Il convient de noter que la r\u00e9f\u00e9rence aux dispositions du d\u00e9cret l\u00e9gislatif 163\/06 n&rsquo;implique pas l&rsquo;applicabilit\u00e9 \u00e0 cette proc\u00e9dure, m\u00eame par analogie, des dispositions qui y sont contenues, sauf mention expresse.<\/p>\n<p>10) Le sous-concessionnaire se r\u00e9serve le droit de r\u00e9silier le contrat en cours d&rsquo;ex\u00e9cution si l&rsquo;une des raisons suivantes s&rsquo;applique :<\/p>\n<ul>\n<li>pour des raisons de force majeure ou d&rsquo;int\u00e9r\u00eat public ;<\/li>\n<li>non-r\u00e9alisation de l&rsquo;objet du contrat, tel que pr\u00e9cis\u00e9 au point 1 de la pr\u00e9sente lettre.<\/li>\n<li>non-paiement anticip\u00e9 du loyer annuel ;<\/li>\n<\/ul>\n<p>11) Nous vous informons que conform\u00e9ment \u00e0 l&rsquo;art. 13 du d\u00e9cret l\u00e9gislatif 196\/03, les donn\u00e9es personnelles fournies par les participants \u00e0 l&rsquo;appel d&rsquo;offres sont collect\u00e9es uniquement aux fins li\u00e9es \u00e0 cette proc\u00e9dure et, en cas d&rsquo;attribution \u00e9ventuelle, pour la gestion des contrats de sous-concession.<\/p>\n<p>Les concurrents et les adjudicataires auront le droit d&rsquo;exercer tous les droits vis\u00e9s \u00e0 l&rsquo;art. 7 du d\u00e9cret pr\u00e9cit\u00e9.<\/p>\n<p>Levaldigi, 29\/08\/2023<\/p>\n<p>Le directeur g\u00e9n\u00e9ral<\/p>\n<p>Anna Maria Milanese<\/li>\n<\/ol>\n<\/li>\n<\/ol>\n<p>          <a href=\"https:\/\/cuneoairport.com\/wp-content\/uploads\/2023\/08\/AVVISO-DI-SELEZIONE.pdf\">AVIS DE S\u00c9LECTION<\/a><\/p>\n<p>          <a href=\"https:\/\/cuneoairport.com\/wp-content\/uploads\/2023\/08\/CARTINA-UBICAZIONE-UFFICIO.pdf\">CARTE DE LOCALISATION DES BUREAUX<\/a><\/p>\n","protected":false},"excerpt":{"rendered":"<p>AVIS DE PROCEDURE DE SELECTION POUR LA SOUS-CONCESSION DE SURFACES DE BUREAUX POUR DES ACTIVITES DE FORMATION PROFESSIONNELLE.<\/p>\n","protected":false},"author":3,"featured_media":15224,"comment_status":"closed","ping_status":"open","sticky":false,"template":"","format":"standard","meta":{"_acf_changed":false,"_et_pb_use_builder":"","_et_pb_old_content":"","_et_gb_content_width":"","footnotes":""},"categories":[74,76],"tags":[],"class_list":["post-15249","post","type-post","status-publish","format-standard","has-post-thumbnail","hentry","category-avis-publics-et-appels-doffres","category-nouvelles"],"acf":[],"_links":{"self":[{"href":"https:\/\/cuneoairport.com\/fr\/wp-json\/wp\/v2\/posts\/15249","targetHints":{"allow":["GET"]}}],"collection":[{"href":"https:\/\/cuneoairport.com\/fr\/wp-json\/wp\/v2\/posts"}],"about":[{"href":"https:\/\/cuneoairport.com\/fr\/wp-json\/wp\/v2\/types\/post"}],"author":[{"embeddable":true,"href":"https:\/\/cuneoairport.com\/fr\/wp-json\/wp\/v2\/users\/3"}],"replies":[{"embeddable":true,"href":"https:\/\/cuneoairport.com\/fr\/wp-json\/wp\/v2\/comments?post=15249"}],"version-history":[{"count":0,"href":"https:\/\/cuneoairport.com\/fr\/wp-json\/wp\/v2\/posts\/15249\/revisions"}],"wp:featuredmedia":[{"embeddable":true,"href":"https:\/\/cuneoairport.com\/fr\/wp-json\/wp\/v2\/media\/15224"}],"wp:attachment":[{"href":"https:\/\/cuneoairport.com\/fr\/wp-json\/wp\/v2\/media?parent=15249"}],"wp:term":[{"taxonomy":"category","embeddable":true,"href":"https:\/\/cuneoairport.com\/fr\/wp-json\/wp\/v2\/categories?post=15249"},{"taxonomy":"post_tag","embeddable":true,"href":"https:\/\/cuneoairport.com\/fr\/wp-json\/wp\/v2\/tags?post=15249"}],"curies":[{"name":"wp","href":"https:\/\/api.w.org\/{rel}","templated":true}]}}