{"id":15196,"date":"2023-08-01T19:57:24","date_gmt":"2023-08-01T17:57:24","guid":{"rendered":"https:\/\/cuneoairport.com\/connect-2024\/"},"modified":"2023-08-01T19:57:24","modified_gmt":"2023-08-01T17:57:24","slug":"connect-2024","status":"publish","type":"post","link":"https:\/\/cuneoairport.com\/fr\/connect-2024\/","title":{"rendered":"CONNECT 2024"},"content":{"rendered":"<p>[et_pb_section admin_label=\u00a0\u00bbsection\u00a0\u00bb]<br \/>\n\t\t\t[et_pb_row admin_label=\u00a0\u00bbrow\u00a0\u00bb]<br \/>\n\t\t\t\t[et_pb_column type=\u00a0\u00bb4_4&Prime;][et_pb_text admin_label=\u00a0\u00bbText\u00a0\u00bb]<\/p>\n<h4>24 F\u00c9VRIER 2023 <span class=\"divider\">&#8211; <\/span><strong><br \/>\n  <span class=\"categs\">A\u00c9ROPORT DE CUNEO<\/span><br \/>\n<\/strong><\/h4>\n<p>&nbsp;<\/p>\n<h2 style=\"text-align: center;\"><strong>TORINO ACCUEILLERA CONNECT, LE FORUM MONDIAL DE L&rsquo;AVIATION CIVILE, EN FEVRIER 2024<\/strong><\/h2>\n<h5><strong> <\/strong><\/h5>\n<h4>Le <strong>conseiller Poggio<\/strong>:<em>\u00ab\u00a0Nous attirerons plus d&rsquo;entreprises et de nouvelles routes dans le Pi\u00e9mont, augmentant ainsi le flux de touristes dans notre r\u00e9gion<\/em>\u00ab\u00a0.<\/h4>\n<p>Du 7 au 9 f\u00e9vrier 2024, Turin accueillera la 20e \u00e9dition de l&rsquo;Exposition universelle.  <em>Connect &#8211; Forum de d\u00e9veloppement des itin\u00e9raires<\/em>Cette r\u00e9union rassemble des repr\u00e9sentants de compagnies a\u00e9riennes, d&rsquo;a\u00e9roports et d&rsquo;organisations touristiques de toute l&rsquo;Europe, ainsi que des d\u00e9l\u00e9gu\u00e9s du monde entier, afin de d\u00e9finir de nouveaux itin\u00e9raires et de nouvelles strat\u00e9gies.<\/p>\n<p>Au cours de ces journ\u00e9es \u00e0 Tanger, une d\u00e9l\u00e9gation pi\u00e9montaise a pris le relais pour amener le forum dans le Pi\u00e9mont, o\u00f9 les professionnels du tourisme et du transport tiendront des r\u00e9unions B2B et des panels th\u00e9matiques.<\/p>\n<p>Gr\u00e2ce au travail des ATL, des consortiums touristiques et des acteurs de la cha\u00eene touristique, une grande attention sera accord\u00e9e \u00e0 la d\u00e9couverte des territoires pi\u00e9montais par le biais de visites et d&rsquo;excursions afin de mettre en valeur les sp\u00e9cificit\u00e9s de la r\u00e9gion aupr\u00e8s des directeurs des compagnies a\u00e9riennes.<\/p>\n<p>\u00ab\u00a0<em>Nous apportons au Pi\u00e9mont un autre \u00e9v\u00e9nement majeur qui confirme sa vocation \u00e0 attirer les expositions universelles et les kermesses.<\/em>  &#8211; a soulign\u00e9 le conseiller en charge de la culture, du tourisme et du commerce,  <strong>Vittoria Poggio<\/strong>  &#8211;  <em>Les a\u00e9roports pi\u00e9montais de Turin et de Cuneo auront ainsi la possibilit\u00e9 d&rsquo;attirer de nouvelles compagnies et de nouveaux itin\u00e9raires, augmentant ainsi le volume global des mouvements touristiques dans notre r\u00e9gion.<\/em>\u00ab\u00a0.<\/p>\n<p>Le forum permet \u00e0 la destination d&rsquo;accueil et \u00e0 ses acteurs de se faire conna\u00eetre aupr\u00e8s d&rsquo;un public international et de g\u00e9n\u00e9rer ainsi des retomb\u00e9es significatives en termes d&rsquo;augmentation des itin\u00e9raires.<\/p>\n<p>\u00ab\u00a0<em>L&rsquo;\u00e9v\u00e9nement Connect 2024 am\u00e8nera au Pi\u00e9mont six cents d\u00e9l\u00e9gu\u00e9s et repr\u00e9sentants de compagnies a\u00e9riennes internationales qui, \u00e0 cette occasion, participeront \u00e0 des voyages pr\u00e9 et post-fan, \u00e0 des activit\u00e9s exp\u00e9rientielles et \u00e0 des visites des territoires afin de leur faire conna\u00eetre les innombrables possibilit\u00e9s touristiques, culturelles, gastronomiques et vinicoles de l&rsquo;ensemble de la r\u00e9gion<\/em> \u00ab\u00a0, souligne-t-il.  <strong>Beppe Carlevaris<\/strong>, pr\u00e9sident du conseil d&rsquo;administration de Visit Piemonte &#8211; (en anglais)  <em>Dans le pass\u00e9, les destinations qui ont accueilli cet \u00e9v\u00e9nement d\u00e9di\u00e9 au transport a\u00e9rien ont augment\u00e9 de mani\u00e8re significative les flux touristiques dans la r\u00e9gion. L&rsquo;implication de l&rsquo;ensemble du syst\u00e8me touristique r\u00e9gional sera cruciale pour exploiter pleinement le potentiel de l&rsquo;initiative.<\/em>\u00ab\u00a0.<\/p>\n<p>En Italie, Connect a \u00e9t\u00e9 accueilli par la ville de Cagliari, en 2018, g\u00e9n\u00e9rant une augmentation significative du nombre de routes, \u00e0 hauteur de 11,3 pour cent, et une croissance du trafic de passagers de 40 pour cent de 2018 \u00e0 2022.<\/p>\n<p><em>Nous sommes tr\u00e8s heureux que Turin et le Pi\u00e9mont accueillent Connect 2024<\/em> \u00ab\u00a0, a soulign\u00e9 <strong>Andrea Andorno<\/strong>, directeur g\u00e9n\u00e9ral de l&rsquo;a\u00e9roport de Turin,  <em>Il s&rsquo;agit de l&rsquo;un des \u00e9v\u00e9nements les plus importants de l&rsquo;industrie a\u00e9ronautique, qui attirera dans notre r\u00e9gion des op\u00e9rateurs de toute l&rsquo;Europe. L&rsquo;ensemble du secteur de l&rsquo;h\u00f4tellerie aura une occasion extraordinaire de surprendre les d\u00e9l\u00e9gu\u00e9s de Connect2024 en offrant aux visiteurs des exp\u00e9riences qui feront de nous une destination incontournable pour toutes les compagnies a\u00e9riennes et tous les a\u00e9roports.<\/em>\u00ab\u00a0.<\/p>\n<p>\u00ab\u00a0<em>Accueillir Connect Aviation est une occasion unique de faire comprendre aux compagnies a\u00e9riennes l&rsquo;\u00e9norme potentiel que notre destination <\/em>a \u00e0 offrir\u00a0\u00bb, a soulign\u00e9 <strong>Anna Milanese,<\/strong> directrice de l&rsquo;a\u00e9roport de Levaldigi.<em>  &#8211; dans le but d&rsquo;augmenter le nombre de lignes \u00e9galement desservies par notre a\u00e9roport. Le travail d&rsquo;\u00e9quipe entre les a\u00e9roports et les territoires sera essentiel pour d\u00e9montrer l&rsquo;excellence de l&rsquo;hospitalit\u00e9 pi\u00e9montaise.<\/em>\u00ab\u00a0.<\/p>\n<p>Le Pi\u00e9mont est l&rsquo;une des r\u00e9gions d&rsquo;Italie et d&rsquo;Europe dont la croissance est la plus rapide (+3,3 % pour les arriv\u00e9es et +11 % pour les arriv\u00e9es d&rsquo;\u00e9trangers) : le Connect Route Development Forum est pr\u00e9vu du 7 au 9 f\u00e9vrier 2024 \u00e0 Turin et devrait avoir un impact \u00e9conomique important sur la r\u00e9gion, tant pendant l&rsquo;\u00e9v\u00e9nement que dans les ann\u00e9es suivantes.<\/p>\n<p><a href=\"https:\/\/cuneoairport.com\/wp-content\/uploads\/2023\/02\/COMUNICATO-STAMPA.pdf\" target=\"_blank\" rel=\"noopener\">T\u00c9L\u00c9CHARGER LE COMMUNIQU\u00c9 DE PRESSE DE LA R\u00c9GION DU PI\u00c9MONT<\/a>[\/et_pb_text][\/et_pb_column]<br \/>\n\t\t\t[\/et_pb_row]<br \/>\n\t\t[\/et_pb_section]<\/p>\n","protected":false},"excerpt":{"rendered":"<p>24 F\u00c9VRIER 2023 &#8211; A\u00c9ROPORT DE CUNEO &nbsp; TORINO ACCUEILLERA CONNECT, LE FORUM MONDIAL DE L&rsquo;AVIATION CIVILE, EN FEVRIER 2024 Le conseiller Poggio:\u00a0\u00bbNous attirerons plus d&rsquo;entreprises et de nouvelles routes dans le Pi\u00e9mont, augmentant ainsi le flux de touristes dans notre r\u00e9gion\u00a0\u00bb. Du 7 au 9 f\u00e9vrier 2024, Turin accueillera la 20e \u00e9dition de l&rsquo;Exposition [&hellip;]<\/p>\n","protected":false},"author":3,"featured_media":15219,"comment_status":"closed","ping_status":"open","sticky":false,"template":"","format":"standard","meta":{"_acf_changed":false,"_et_pb_use_builder":"on","_et_pb_old_content":"","_et_gb_content_width":"","footnotes":""},"categories":[71,76],"tags":[],"class_list":["post-15196","post","type-post","status-publish","format-standard","has-post-thumbnail","hentry","category-communiques-de-presse","category-nouvelles"],"acf":[],"_links":{"self":[{"href":"https:\/\/cuneoairport.com\/fr\/wp-json\/wp\/v2\/posts\/15196","targetHints":{"allow":["GET"]}}],"collection":[{"href":"https:\/\/cuneoairport.com\/fr\/wp-json\/wp\/v2\/posts"}],"about":[{"href":"https:\/\/cuneoairport.com\/fr\/wp-json\/wp\/v2\/types\/post"}],"author":[{"embeddable":true,"href":"https:\/\/cuneoairport.com\/fr\/wp-json\/wp\/v2\/users\/3"}],"replies":[{"embeddable":true,"href":"https:\/\/cuneoairport.com\/fr\/wp-json\/wp\/v2\/comments?post=15196"}],"version-history":[{"count":0,"href":"https:\/\/cuneoairport.com\/fr\/wp-json\/wp\/v2\/posts\/15196\/revisions"}],"wp:featuredmedia":[{"embeddable":true,"href":"https:\/\/cuneoairport.com\/fr\/wp-json\/wp\/v2\/media\/15219"}],"wp:attachment":[{"href":"https:\/\/cuneoairport.com\/fr\/wp-json\/wp\/v2\/media?parent=15196"}],"wp:term":[{"taxonomy":"category","embeddable":true,"href":"https:\/\/cuneoairport.com\/fr\/wp-json\/wp\/v2\/categories?post=15196"},{"taxonomy":"post_tag","embeddable":true,"href":"https:\/\/cuneoairport.com\/fr\/wp-json\/wp\/v2\/tags?post=15196"}],"curies":[{"name":"wp","href":"https:\/\/api.w.org\/{rel}","templated":true}]}}