{"id":15168,"date":"2023-08-01T19:57:19","date_gmt":"2023-08-01T17:57:19","guid":{"rendered":"https:\/\/cuneoairport.com\/avis-public-9\/"},"modified":"2023-08-01T19:57:19","modified_gmt":"2023-08-01T17:57:19","slug":"avis-public-9","status":"publish","type":"post","link":"https:\/\/cuneoairport.com\/fr\/avis-public-9\/","title":{"rendered":"AVIS PUBLIC"},"content":{"rendered":"<h1 style=\"text-align: center;\"><strong>PROC\u00c9DURE DE SOUS-TRAITANCE DES ESPACES DE HANGAR  <\/strong><\/h1>\n<p><strong>1) <\/strong> GEAC Spa, soci\u00e9t\u00e9 de gestion de l&rsquo;a\u00e9roport de Cuneo, bas\u00e9e \u00e0 Levaldigi, S.P. 20 n.1, 12038, t\u00e9l. 0172-741500 &#8211; fax. 0172-741535 (ci-apr\u00e8s d\u00e9nomm\u00e9e \u00ab\u00a0Concessionnaire\u00a0\u00bb ou \u00ab\u00a0Geac\u00a0\u00bb), annonce par la pr\u00e9sente son intention d&rsquo;identifier la partie \u00e0 laquelle elle entend confier les zones suivantes, situ\u00e9es \u00e0 l&rsquo;a\u00e9roport \u00ab\u00a0Alpi del Mare\u00a0\u00bb de Cuneo, qui seront utilis\u00e9es pour l&rsquo;exercice d&rsquo;activit\u00e9s de stockage et d&rsquo;entretien d&rsquo;a\u00e9ronefs dans le cadre d&rsquo;un r\u00e9gime de sous-concession.<\/p>\n<p>&#8211; n. 2 hangars situ\u00e9s dans la zone <em>c\u00f4t\u00e9 piste<\/em>, appel\u00e9e Hangar South, d&rsquo;une superficie totale de 2 500 m\u00b2 (ci-apr\u00e8s d\u00e9nomm\u00e9s les \u00ab\u00a0zones\u00a0\u00bb).<\/p>\n<p><strong>2)<\/strong> La remise des zones vis\u00e9es \u00e0 l&rsquo;article n\u00b0 1 ci-dessus au sous-contractant retenu pour l&rsquo;installation de celles-ci doit avoir lieu dans les 7 (sept) jours suivant l&rsquo;attribution d\u00e9finitive.<\/p>\n<p>La mise en place &#8211; si n\u00e9cessaire &#8211; est \u00e0 la charge et aux frais exclusifs du sous-concessionnaire, qui ne peut se retourner contre le GEAC pour l&rsquo;investissement r\u00e9alis\u00e9.<\/p>\n<p><strong>3)<\/strong> Exigences g\u00e9n\u00e9rales et techniques :<\/p>\n<p>\u00c0 la date de soumission de l&rsquo;offre, le transporteur doit prouver qu&rsquo;il remplit les conditions suivantes :<\/p>\n<ol>\n<li>CTA (certificat de transporteur a\u00e9rien) d\u00e9livr\u00e9 par l&rsquo;autorit\u00e9 comp\u00e9tente d&rsquo;un \u00c9tat membre conform\u00e9ment au droit communautaire &#8211; en cours de validit\u00e9 ;<\/li>\n<li>Licence d&rsquo;exploitation de transport a\u00e9rien d\u00e9livr\u00e9e par l&rsquo;autorit\u00e9 comp\u00e9tente d&rsquo;un \u00c9tat membre en vertu du r\u00e8glement CE n\u00b0. 1008\/2008 &#8211; valide ;<\/li>\n<li>Disponibilit\u00e9 (en propri\u00e9t\u00e9 et\/ou en location s\u00e8che et\/ou en location avec services), pendant toute la dur\u00e9e de la sous-concession, d&rsquo;un nombre ad\u00e9quat d&rsquo;a\u00e9ronefs<a href=\"#_ftn1\" name=\"_ftnref1\">[1]<\/a> &#8211; avec des caract\u00e9ristiques de capacit\u00e9 minimale adapt\u00e9es \u00e0 l&rsquo;exploitation de vols r\u00e9guliers\/passagers\/commerciaux programm\u00e9s \u00e0 partir de l&rsquo;a\u00e9roport de Cuneo &#8211; dans le nombre minimum de 2 (deux) ;<\/li>\n<li>Existence d&rsquo;un organisme PART 145 certifi\u00e9 par l&rsquo;EASA capable de d\u00e9montrer qu&rsquo;il peut effectuer des activit\u00e9s de maintenance a\u00e9ronautique sur des a\u00e9ronefs.<\/li>\n<\/ol>\n<p>Il est pr\u00e9cis\u00e9 que l&rsquo;utilisation et la participation \u00e0 la proc\u00e9dure dans les groupements temporaires d&rsquo;entreprises ne sont pas autoris\u00e9es.<\/p>\n<p><strong>4<\/strong> ) Les entreprises int\u00e9ress\u00e9es \u00e0 participer \u00e0 la proc\u00e9dure de s\u00e9lection, en possession des exigences minimales \u00e9nonc\u00e9es \u00e0 l&rsquo;article 3 ci-dessus, envoient leurs offres par PEC \u00e0 <a href=\"mailto:geacspa@legalmail.it\">geacspa@legalmail.it<\/a> au plus tard <strong><br \/>\n  <u>au plus tard le 3 juillet 2023 \u00e0 12 heures<\/u><br \/>\n<\/strong>.<\/p>\n<p>Pass\u00e9 le d\u00e9lai indiqu\u00e9 ci-dessus, aucune autre demande ne sera consid\u00e9r\u00e9e comme valable.<\/p>\n<p>L&rsquo;offre doit contenir, sous peine d&rsquo;exclusion, les documents suivants, v\u00e9rifiables a posteriori, sign\u00e9s par le repr\u00e9sentant l\u00e9gal de l&rsquo;entreprise disposant des pouvoirs appropri\u00e9s :<\/p>\n<ol>\n<li><em>Demande de participation, accompagn\u00e9e de toutes les donn\u00e9es d&rsquo;identification de l&rsquo;entreprise.  <\/em><\/li>\n<li><em>D\u00e9claration de conformit\u00e9 aux exigences g\u00e9n\u00e9rales de l&rsquo;art. 80 de la loi. 50\/2016.<\/em><\/li>\n<li><em>Documentation prouvant les exigences de l&rsquo;art. 3.<\/em><\/li>\n<\/ol>\n<p>Il est \u00e0 noter que les d\u00e9clarations indiqu\u00e9es ci-dessus doivent \u00eatre faites conform\u00e9ment \u00e0 l&rsquo;art. 46 et 47 du d\u00e9cret pr\u00e9sidentiel 445\/2000<\/p>\n<p><strong>5)<\/strong> Le crit\u00e8re d&rsquo;attribution des zones vis\u00e9es \u00e0 l&rsquo;article no. 1 sera d\u00e9termin\u00e9 avec le param\u00e8tre de la priorit\u00e9 de soumission de la candidature.<\/p>\n<p><strong>6)<\/strong> La sous-concession des zones vis\u00e9es \u00e0 l&rsquo;article 1 ci-dessus est r\u00e9gie par le contrat correspondant pour une <strong>dur\u00e9e de 36 mois, renouvelable pour une nouvelle p\u00e9riode de 36 mois<\/strong>.<\/p>\n<p><strong>7)<\/strong> Le GEAC se r\u00e9serve le droit d&rsquo;inviter les candidats \u00e0 pr\u00e9ciser ou compl\u00e9ter les d\u00e9clarations et documents pr\u00e9sent\u00e9s.<\/p>\n<p><strong>8)<\/strong> Le GEAC se r\u00e9serve le droit d&rsquo;attribuer la s\u00e9lection m\u00eame en pr\u00e9sence d&rsquo;une seule offre valable.<\/p>\n<p><strong>(9)<\/strong> Le GEAC se r\u00e9serve le droit d&rsquo;annuler ou de r\u00e9voquer la proc\u00e9dure \u00e0 tout moment, de ne pas attribuer et\/ou conclure les contrats en question, sans encourir de responsabilit\u00e9 et\/ou de demande de dommages et int\u00e9r\u00eats, m\u00eame en vertu des articles 1337 et 1338 du code civil.<\/p>\n<p><strong>10)<\/strong> Nous vous informons que, conform\u00e9ment \u00e0 l&rsquo;art. 13 du d\u00e9cret l\u00e9gislatif 196\/03, les donn\u00e9es personnelles fournies par les participants \u00e0 l&rsquo;appel d&rsquo;offres sont collect\u00e9es uniquement aux fins inh\u00e9rentes \u00e0 cette proc\u00e9dure et, en cas d&rsquo;attribution, pour la gestion des contrats de sous-concession.<\/p>\n<p>Les concurrents et les adjudicataires auront le droit d&rsquo;exercer tous les droits vis\u00e9s \u00e0 l&rsquo;art. 7 du d\u00e9cret pr\u00e9cit\u00e9.<\/p>\n<p><strong><em>Levaldigi, 28\/06\/2023<\/em><\/strong><\/p>\n<p>Le directeur g\u00e9n\u00e9ral<\/p>\n<p>Anna Maria Milanese<\/p>\n<p>[<a href=\"#_ftnref1\" name=\"_ftn1\">1]<\/a> L&rsquo;a\u00e9ronef en question doit b\u00e9n\u00e9ficier d&rsquo;une couverture d&rsquo;assurance ad\u00e9quate conform\u00e9ment \u00e0 la R\u00e9glementation. CE 785\/2004 modifi\u00e9e relative aux exigences en mati\u00e8re d&rsquo;assurance applicables aux transporteurs a\u00e9riens et aux exploitants d&rsquo;a\u00e9ronefs.<\/p>\n<h4><a href=\"https:\/\/cuneoairport.com\/wp-content\/uploads\/2023\/06\/PROCEDURA-PER-AFFIDAMENTO-SPAZI-HANGAR.pdf\" target=\"_blank\" rel=\"noopener\">AVIS D&rsquo;OFFRE<\/a><\/h4>\n<h4><a href=\"https:\/\/cuneoairport.com\/wp-content\/uploads\/2023\/07\/Esito-del-bando.pdf\">R\u00c9SULTAT DE L&rsquo;AVIS<\/a><\/h4>\n","protected":false},"excerpt":{"rendered":"<p>PROC\u00c9DURE DE SOUS-TRAITANCE DES ESPACES DE HANGAR  <\/p>\n","protected":false},"author":4,"featured_media":0,"comment_status":"closed","ping_status":"open","sticky":false,"template":"","format":"standard","meta":{"_acf_changed":false,"_et_pb_use_builder":"on","_et_pb_old_content":"","_et_gb_content_width":"","footnotes":""},"categories":[74],"tags":[],"class_list":["post-15168","post","type-post","status-publish","format-standard","hentry","category-avis-publics-et-appels-doffres"],"acf":[],"_links":{"self":[{"href":"https:\/\/cuneoairport.com\/fr\/wp-json\/wp\/v2\/posts\/15168","targetHints":{"allow":["GET"]}}],"collection":[{"href":"https:\/\/cuneoairport.com\/fr\/wp-json\/wp\/v2\/posts"}],"about":[{"href":"https:\/\/cuneoairport.com\/fr\/wp-json\/wp\/v2\/types\/post"}],"author":[{"embeddable":true,"href":"https:\/\/cuneoairport.com\/fr\/wp-json\/wp\/v2\/users\/4"}],"replies":[{"embeddable":true,"href":"https:\/\/cuneoairport.com\/fr\/wp-json\/wp\/v2\/comments?post=15168"}],"version-history":[{"count":0,"href":"https:\/\/cuneoairport.com\/fr\/wp-json\/wp\/v2\/posts\/15168\/revisions"}],"wp:attachment":[{"href":"https:\/\/cuneoairport.com\/fr\/wp-json\/wp\/v2\/media?parent=15168"}],"wp:term":[{"taxonomy":"category","embeddable":true,"href":"https:\/\/cuneoairport.com\/fr\/wp-json\/wp\/v2\/categories?post=15168"},{"taxonomy":"post_tag","embeddable":true,"href":"https:\/\/cuneoairport.com\/fr\/wp-json\/wp\/v2\/tags?post=15168"}],"curies":[{"name":"wp","href":"https:\/\/api.w.org\/{rel}","templated":true}]}}