{"id":11318,"date":"2022-03-23T10:00:55","date_gmt":"2022-03-23T08:00:55","guid":{"rendered":"https:\/\/cuneoairport.com\/la-poste-italienne-fete-le-60e-anniversaire-de-geac-spa\/"},"modified":"2022-08-18T11:00:00","modified_gmt":"2022-08-18T09:00:00","slug":"la-poste-italienne-fete-le-60e-anniversaire-de-geac-spa","status":"publish","type":"post","link":"https:\/\/cuneoairport.com\/fr\/la-poste-italienne-fete-le-60e-anniversaire-de-geac-spa\/","title":{"rendered":"LA POSTE ITALIENNE F\u00caTE LE 60E ANNIVERSAIRE DE GEAC SPA"},"content":{"rendered":"<p>[et_pb_section admin_label=\u00a0\u00bbsection\u00a0\u00bb]<br \/>\n\t\t\t[et_pb_row admin_label=\u00a0\u00bbligne\u00a0\u00bb]<br \/>\n\t\t\t\t[et_pb_column type=\u00a0\u00bb4_4&Prime;][et_pb_text admin_label=\u00a0\u00bbText\u00a0\u00bb]<strong>LA 60E DU 60E ANNIVERSAIRE DE LA POSTE ITALIENNE <\/strong><strong>DE GEAC SPA, POUR CO\u00cfNCIDER AVEC LE PREMIER VOL RYANAIR CUNEO &#8211; ROME, AVEC UNE OBLIT\u00c9RATION POSTALE SP\u00c9CIALE<\/strong><\/p>\n<p><img loading=\"lazy\" decoding=\"async\" class=\"wp-image-9760 alignright\" src=\"https:\/\/cuneoairport.com\/wp-content\/uploads\/2022\/03\/timbro.png\" alt=\"\" width=\"340\" height=\"282\"><\/p>\n<p><strong> <\/strong>Cuneo, 22 mars 2022 &#8211; Poste Italiane participera avec une annulation postale sp\u00e9ciale aux c\u00e9l\u00e9brations du 60\u00e8me anniversaire de GEAC, Societ\u00e0 di Gestione Aeroporto di Cuneo Levaldigi S.P.A..<\/p>\n<p>La c\u00e9r\u00e9monie aura lieu le lundi 28 mars 2022 de 10h \u00e0 16h, pour co\u00efncider avec le premier vol Ryanair sur la ligne Cuneo &#8211; Rome.<\/p>\n<p>Un espace philat\u00e9lique d\u00e9di\u00e9 sera am\u00e9nag\u00e9 dans l&rsquo;atrium de l&rsquo;a\u00e9rogare, o\u00f9 il sera possible d&rsquo;obtenir l&rsquo;oblit\u00e9ration avec le timbre cr\u00e9\u00e9 pour l&rsquo;occasion.<\/p>\n<p>Le pr\u00e9sident du GEAC, Giuseppe Viriglio, et le conseil d&rsquo;administration, en la personne du Cav. Amilcare Merlo, et pour Poste Italiane le directeur de la succursale de Cuneo Paolo Damiano, la personne de contact pour la philat\u00e9lie Macro Area North-West Annamaria Gallo et la personne de contact pour la philat\u00e9lie pour la province de Cuneo Gianluca Silvestre.<\/p>\n<p>L&rsquo;oblit\u00e9ration de format ovale, entour\u00e9e de la l\u00e9gende \u00ab\u00a0Anniversaire de l&rsquo;a\u00e9roport de Cuneo\u00a0\u00bb, reproduit les deux dates 1962 &#8211; 2022 et l&rsquo;inscription 60\u00b0, avec l&rsquo;image d&rsquo;un avion volant vers le futur.<\/p>\n<p>Les racines historiques de l&rsquo;a\u00e9roport de Cuneo remontent \u00e0 la fin des ann\u00e9es 1920, lorsque l&rsquo;a\u00e9roport \u00ab\u00a0Campo d&rsquo;Aviazione di Fortuna\u00a0\u00bb est n\u00e9 en 1929, avec 75 hectares et une piste en herbe. Imm\u00e9diatement apr\u00e8s la guerre, le terrain a \u00e9t\u00e9 lou\u00e9 \u00e0 des agriculteurs et ce n&rsquo;est qu&rsquo;en 1960 que l&rsquo;AeroClub \u00ab\u00a0Provincia Granda\u00a0\u00bb a obtenu le permis pour la construction du nouvel a\u00e9roport.<\/p>\n<p>Le 26 octobre 1962, compte tenu de l&rsquo;int\u00e9r\u00eat croissant pour le d\u00e9veloppement de cet a\u00e9roport, la soci\u00e9t\u00e9 de gestion de l&rsquo;a\u00e9roport de Cuneo (aujourd&rsquo;hui GEAC S.p.A.) a \u00e9t\u00e9 cr\u00e9\u00e9e. Depuis 1986, l&rsquo;a\u00e9roport est autoris\u00e9 par le minist\u00e8re pour le trafic commercial national et depuis juillet 1990 pour le trafic international.<\/p>\n<p>Rappelant son histoire, l&rsquo;a\u00e9roport se tourne d\u00e9sormais vers l&rsquo;avenir et vers de nouveaux objectifs. En effet, c&rsquo;est ce m\u00eame jour qu&rsquo;a \u00e9t\u00e9 inaugur\u00e9 le premier vol Ryanair sur la ligne Cuneo &#8211; Rome, et la splendide carte postale imprim\u00e9e pour l&rsquo;occasion, montrant un avion pr\u00eat \u00e0 d\u00e9coller dans le cadre \u00e9vocateur de Monviso, veut t\u00e9moigner de son importance.<\/p>\n<p>Le timbre figuratif, apr\u00e8s avoir \u00e9t\u00e9 utilis\u00e9 le 28 mars, sera disponible pendant les cent vingt prochains jours au guichet philat\u00e9lique de Saluzzo (CN), Via Onorevole Camillo Peano 1, et sera ensuite d\u00e9pos\u00e9 au Museo Storico della Comunicazione de Rome pour faire partie de la collection d&rsquo;histoire postale.<\/p>\n<p>&nbsp;[\/et_pb_text][\/et_pb_column]<br \/>\n\t\t\t[\/et_pb_row]<br \/>\n\t\t[\/et_pb_section]<\/p>\n","protected":false},"excerpt":{"rendered":"<p>LA 60E DU 60E ANNIVERSAIRE DE LA POSTE ITALIENNE DE GEAC SPA, POUR CO\u00cfNCIDER AVEC LE PREMIER VOL RYANAIR CUNEO &#8211; ROME, AVEC UNE OBLIT\u00c9RATION POSTALE SP\u00c9CIALE Cuneo, 22 mars 2022 &#8211; Poste Italiane participera avec une annulation postale sp\u00e9ciale aux c\u00e9l\u00e9brations du 60\u00e8me anniversaire de GEAC, Societ\u00e0 di Gestione Aeroporto di Cuneo Levaldigi S.P.A.. [&hellip;]<\/p>\n","protected":false},"author":3,"featured_media":9766,"comment_status":"closed","ping_status":"open","sticky":false,"template":"","format":"standard","meta":{"_acf_changed":false,"_et_pb_use_builder":"on","_et_pb_old_content":"","_et_gb_content_width":"","footnotes":""},"categories":[39],"tags":[],"class_list":["post-11318","post","type-post","status-publish","format-standard","has-post-thumbnail","hentry","category-news"],"acf":[],"_links":{"self":[{"href":"https:\/\/cuneoairport.com\/fr\/wp-json\/wp\/v2\/posts\/11318","targetHints":{"allow":["GET"]}}],"collection":[{"href":"https:\/\/cuneoairport.com\/fr\/wp-json\/wp\/v2\/posts"}],"about":[{"href":"https:\/\/cuneoairport.com\/fr\/wp-json\/wp\/v2\/types\/post"}],"author":[{"embeddable":true,"href":"https:\/\/cuneoairport.com\/fr\/wp-json\/wp\/v2\/users\/3"}],"replies":[{"embeddable":true,"href":"https:\/\/cuneoairport.com\/fr\/wp-json\/wp\/v2\/comments?post=11318"}],"version-history":[{"count":0,"href":"https:\/\/cuneoairport.com\/fr\/wp-json\/wp\/v2\/posts\/11318\/revisions"}],"wp:featuredmedia":[{"embeddable":true,"href":"https:\/\/cuneoairport.com\/fr\/wp-json\/wp\/v2\/media\/9766"}],"wp:attachment":[{"href":"https:\/\/cuneoairport.com\/fr\/wp-json\/wp\/v2\/media?parent=11318"}],"wp:term":[{"taxonomy":"category","embeddable":true,"href":"https:\/\/cuneoairport.com\/fr\/wp-json\/wp\/v2\/categories?post=11318"},{"taxonomy":"post_tag","embeddable":true,"href":"https:\/\/cuneoairport.com\/fr\/wp-json\/wp\/v2\/tags?post=11318"}],"curies":[{"name":"wp","href":"https:\/\/api.w.org\/{rel}","templated":true}]}}