{"id":11295,"date":"2022-08-16T10:00:01","date_gmt":"2022-08-16T08:00:01","guid":{"rendered":"https:\/\/cuneoairport.com\/avis-public-8\/"},"modified":"2022-08-18T10:59:25","modified_gmt":"2022-08-18T08:59:25","slug":"avis-public-8","status":"publish","type":"post","link":"https:\/\/cuneoairport.com\/fr\/avis-public-8\/","title":{"rendered":"AVIS PUBLIC"},"content":{"rendered":"<h2>AVIS DE PROC\u00c9DURE DE S\u00c9LECTION POUR L&rsquo;ATTRIBUTION DU SERVICE DE CONSEIL ET DE COURTAGE EN ASSURANCES \u00c0 L&rsquo;A\u00c9ROPORT DE CUNEO &#8211; LEVALDIGI (GEAC) S.P.A. 2022 &#8211; 2025<\/h2>\n<h4><strong>Proc\u00e9dure n\u00e9goci\u00e9e Plurima<\/strong><\/h4>\n<p><strong>Prot. N. 136<\/strong><\/p>\n<ol>\n<li><strong>R\u00e9f\u00e9rence du client<\/strong>: Cuneo-Levaldigi Airport (GEAC) S.p.A. &#8211; S.P. N.20, 1 &#8211; Fraz.ne Levaldigi &#8211; 12038 SAVIGLIANO (CN) &#8211; t\u00e9l\u00e9phone 0172741519 &#8211; E-mail <strong><br \/>\n  <a href=\"mailto:amministrazione@cuneoairport.com\">amministrazione@cuneoairport.com amministrazione@cuneoairport.com<\/a><br \/>\n<\/strong> &#8211; PEC : <strong><br \/>\n  <a href=\"mailto:geacspa@legalmail.it\">geacspa@legalmail.it<\/a><br \/>\n<\/strong><\/li>\n<li><strong>Proc\u00e9dure d&rsquo;attribution : <\/strong>n\u00e9gociation n\u00e9goci\u00e9e, \u00e0 la suite d&rsquo;une proc\u00e9dure d&rsquo;appel d&rsquo;offres officieux, conform\u00e9ment \u00e0 l&rsquo;art. 238(7) du d\u00e9cret l\u00e9gislatif n\u00b0. 12.04.2006, n. 163 et conform\u00e9ment \u00e0 l&rsquo;alin\u00e9a 8 de l&rsquo;art. 36 du d\u00e9cret l\u00e9gislatif. 50\/2016.<\/li>\n<li><strong>Objet de l&rsquo;appel d&rsquo;offres : <\/strong>attribution du march\u00e9 pour la fourniture de services de conseil et de courtage en assurances \u00e0 l&rsquo;a\u00e9roport de Cuneo-Levaldigi (GEAC) S.p.A.<\/li>\n<li><strong>Le <\/strong>montant total calcul\u00e9 pour toute la dur\u00e9e du contrat, y compris son \u00e9ventuelle prolongation, soit 3 ans + 3 ans, est estim\u00e9 \u00e0 \u20ac. 30 000,00 (Eurostrentamila\/00) hors TVA.<\/li>\n<\/ol>\n<p><strong>Le taux de commission maximum applicable au service de courtage est de 10% (dix pour cent).<\/strong><\/p>\n<ol start=\"5\">\n<li><strong>Conditions g\u00e9n\u00e9rales, \u00e9conomiques, financi\u00e8res et technico-organisationnelles de participation :<\/strong><\/li>\n<\/ol>\n<ul>\n<li>ont n\u00e9goci\u00e9, au cours de la p\u00e9riode triennale 2018\/2021, des primes d&rsquo;assurance d&rsquo;une valeur non inf\u00e9rieure \u00e0 \u20ac. 1.500.000,00 aux organismes publics locaux, aux entreprises publiques et\/ou aux concessionnaires de services publics situ\u00e9s sur le territoire national ;<\/li>\n<li>avoir r\u00e9alis\u00e9, au cours de la p\u00e9riode triennale 2018\/2021, des services de courtage d&rsquo;assurance pour les polices de responsabilit\u00e9 des op\u00e9rateurs a\u00e9roportuaires, conform\u00e9ment aux exigences de l&rsquo;ENAC, pour le compte de ces derniers ;<\/li>\n<li>l&rsquo;inscription au registre des interm\u00e9diaires d&rsquo;assurance et de r\u00e9assurance vis\u00e9 \u00e0 l&rsquo;art. 109 du d\u00e9cret l\u00e9gislatif 209\/2005.<\/li>\n<\/ul>\n<ol start=\"6\">\n<li>Crit\u00e8re d&rsquo;attribution du <strong>march\u00e9 <\/strong>: le march\u00e9 sera attribu\u00e9 sur la base de l&rsquo;offre \u00e9conomiquement la plus avantageuse.<\/li>\n<li><strong>Date limite de r\u00e9ception des candidatures, mode de soumission et adresse \u00e0 laquelle elles doivent \u00eatre envoy\u00e9es : <\/strong>Les demandes doivent \u00eatre re\u00e7ues au plus tard le <strong>12  <\/strong>du jour <strong>08.2022<\/strong>\u00e9galement par le biais de PEC, au Secr\u00e9tariat de Gestion du Principal \u00e0 l&rsquo;adresse mentionn\u00e9e au point 1 ci-dessus.<\/li>\n<li><strong>Documents \u00e0 joindre \u00e0 la demande <\/strong>pour prouver que vous remplissez les conditions \u00e9nonc\u00e9es au point 5 :<\/li>\n<\/ol>\n<ul>\n<li>D\u00e9claration tenant lieu d&rsquo;affidavit r\u00e9dig\u00e9e conform\u00e9ment aux articles 46 et 47 du d\u00e9cret pr\u00e9sidentiel 445\/2000 avec copie jointe du document d&rsquo;identit\u00e9 du souscripteur.<\/li>\n<\/ul>\n<ol start=\"9\">\n<li><strong>Traitement des donn\u00e9es : <\/strong>les donn\u00e9es recueillies seront trait\u00e9es conform\u00e9ment au D.Lgs. n.m. 196\/2003 et le r\u00e8glement UE 2016\/679, exclusivement dans le cadre de cette proc\u00e9dure d&rsquo;appel d&rsquo;offres.<\/li>\n<li>Responsable de la proc\u00e9dure <strong>:<\/strong> le responsable de la proc\u00e9dure est Mme Anna Maria MILANESE, directrice g\u00e9n\u00e9rale de l&rsquo;a\u00e9roport de Cuneo-Levaldigi (GEAC) S.p.A..<\/li>\n<\/ol>\n<p>&nbsp;<\/p>\n<p><em><strong>Levaldigi, 12 ao\u00fbt 2022 <\/strong><\/em><\/p>\n<p>&nbsp;<\/p>\n<p>LE DIRECTEUR G\u00c9N\u00c9RAL<\/p>\n<p>Dr Anna Maria MILANESE<\/p>\n<p>&nbsp;<\/p>\n<p><strong><a href=\"https:\/\/cuneoairport.com\/wp-content\/uploads\/2022\/08\/AVVISO-PUBBLICO.pdf\" target=\"_blank\" rel=\"noopener\">AVIS PUBLIC<\/a><\/strong><\/p>\n<p><strong><a href=\"https:\/\/cuneoairport.com\/wp-content\/uploads\/2022\/08\/RICHIESTA-DI-INTERPELLO.pdf\" target=\"_blank\" rel=\"noopener\">DEMANDE D&rsquo;INTERPELLATION<\/a><\/strong><\/p>\n<p>&nbsp;<\/p>\n<p>&nbsp;<\/p>\n","protected":false},"excerpt":{"rendered":"<p>AVIS DE PROC\u00c9DURE DE S\u00c9LECTION POUR L&rsquo;ATTRIBUTION DU SERVICE DE CONSEIL ET DE COURTAGE EN ASSURANCES \u00c0 L&rsquo;A\u00c9ROPORT DE CUNEO &#8211; LEVALDIGI (GEAC) S.P.A. 2022 &#8211; 2025<\/p>\n","protected":false},"author":3,"featured_media":0,"comment_status":"closed","ping_status":"open","sticky":false,"template":"","format":"standard","meta":{"_acf_changed":false,"_et_pb_use_builder":"on","_et_pb_old_content":"","_et_gb_content_width":"","footnotes":""},"categories":[44],"tags":[],"class_list":["post-11295","post","type-post","status-publish","format-standard","hentry","category-bando"],"acf":[],"_links":{"self":[{"href":"https:\/\/cuneoairport.com\/fr\/wp-json\/wp\/v2\/posts\/11295","targetHints":{"allow":["GET"]}}],"collection":[{"href":"https:\/\/cuneoairport.com\/fr\/wp-json\/wp\/v2\/posts"}],"about":[{"href":"https:\/\/cuneoairport.com\/fr\/wp-json\/wp\/v2\/types\/post"}],"author":[{"embeddable":true,"href":"https:\/\/cuneoairport.com\/fr\/wp-json\/wp\/v2\/users\/3"}],"replies":[{"embeddable":true,"href":"https:\/\/cuneoairport.com\/fr\/wp-json\/wp\/v2\/comments?post=11295"}],"version-history":[{"count":0,"href":"https:\/\/cuneoairport.com\/fr\/wp-json\/wp\/v2\/posts\/11295\/revisions"}],"wp:attachment":[{"href":"https:\/\/cuneoairport.com\/fr\/wp-json\/wp\/v2\/media?parent=11295"}],"wp:term":[{"taxonomy":"category","embeddable":true,"href":"https:\/\/cuneoairport.com\/fr\/wp-json\/wp\/v2\/categories?post=11295"},{"taxonomy":"post_tag","embeddable":true,"href":"https:\/\/cuneoairport.com\/fr\/wp-json\/wp\/v2\/tags?post=11295"}],"curies":[{"name":"wp","href":"https:\/\/api.w.org\/{rel}","templated":true}]}}