{"id":11219,"date":"2022-08-08T16:39:21","date_gmt":"2022-08-08T14:39:21","guid":{"rendered":"https:\/\/cuneoairport.com\/inauguration-de-la-nouvelle-route-cuneo-rome\/"},"modified":"2022-08-08T16:39:21","modified_gmt":"2022-08-08T14:39:21","slug":"inauguration-de-la-nouvelle-route-cuneo-rome","status":"publish","type":"post","link":"https:\/\/cuneoairport.com\/fr\/inauguration-de-la-nouvelle-route-cuneo-rome\/","title":{"rendered":"Inauguration de la nouvelle route Cuneo-Rome"},"content":{"rendered":"<p>[et_pb_section fb_built=\u00a0\u00bb1&Prime; admin_label=\u00a0\u00bbsection\u00a0\u00bb _builder_version=\u00a0\u00bb3.22&Prime; custom_margin=\u00a0\u00bb-15px|||||\u00a0\u00bb custom_padding=\u00a0\u00bb||3px|||\u00a0\u00bb global_colors_info=\u00a0\u00bb{}\u00a0\u00bb theme_builder_area=\u00a0\u00bbpost_content\u00a0\u00bb][et_pb_row admin_label=\u00a0\u00bbligne\u00a0\u00bb _builder_version=\u00a0\u00bb3.25&Prime; background_size=\u00a0\u00bbinitial\u00a0\u00bb background_position=\u00a0\u00bbtop_left\u00a0\u00bb background_repeat=\u00a0\u00bbrepeat\u00a0\u00bb custom_margin=\u00a0\u00bb-14px|auto||auto||\u00a0\u00bb custom_padding=\u00a0\u00bb0px||0px|||\u00a0\u00bb global_colors_info=\u00a0\u00bb{}\u00a0\u00bb theme_builder_area=\u00a0\u00bbpost_content\u00a0\u00bb][et_pb_column type=\u00a0\u00bb4_4&Prime; _builder_version=\u00a0\u00bb3.25&Prime; custom_padding=\u00a0\u00bb|||\u00a0\u00bb global_colors_info=\u00a0\u00bb{}\u00a0\u00bb custom_padding__hover=\u00a0\u00bb|||\u00a0\u00bb theme_builder_area=\u00a0\u00bbpost_content\u00a0\u00bb][et_pb_text admin_label=\u00a0\u00bbText\u00a0\u00bb _builder_version=\u00a0\u00bb3.27.4&Prime; background_size=\u00a0\u00bbinitial\u00a0\u00bb background_position=\u00a0\u00bbtop_left\u00a0\u00bb background_repeat=\u00a0\u00bbrepeat\u00a0\u00bb global_colors_info=\u00a0\u00bb{}\u00a0\u00bb theme_builder_area=\u00a0\u00bbpost_content\u00a0\u00bb]<\/p>\n<h4 class=\"meta \"><span class=\"post-date\">28 MARS 2022 <span class=\"divider\">\u2022<\/span><\/span> <span class=\"categs\">A\u00c9ROPORT DE CUNEO<\/span><\/h4>\n<h2>Inauguration de la nouvelle route Cuneo-Rome<\/h2>\n<h3><span style=\"color: #353535\">Le d\u00e9but de la saison estivale de Ryanair marque le lancement d&rsquo;une nouvelle liaison vers la capitale, op\u00e9r\u00e9e cinq fois par semaine.<\/span><\/h3>\n<p>Le nouveau vol de Ryanair \u00e0 destination de Rome Fiumicino a \u00e9t\u00e9 accueilli par un \u00e9v\u00e9nement tr\u00e8s important pour la soci\u00e9t\u00e9 de gestion.<\/p>\n<p>\u00c0 l&rsquo;occasion du <strong>60e anniversaire <\/strong>, une c\u00e9r\u00e9monie a \u00e9t\u00e9 organis\u00e9e en coop\u00e9ration avec la <strong>Poste italienne<\/strong> pour l&rsquo;oblit\u00e9ration philat\u00e9lique, con\u00e7ue sp\u00e9cialement pour le lancement de la nouvelle ligne.<\/p>\n<p><em>\u00ab\u00a0Il s&rsquo;agit d&rsquo;une date importante pour notre a\u00e9roport\u00a0\u00bb, d\u00e9clare Giuseppe Viriglio, pr\u00e9sident de la Geac. \u00ab\u00a0Faciliter la connectivit\u00e9 avec un hub faisait partie de nos objectifs pour soutenir le red\u00e9marrage et la croissance. Je tiens \u00e0 remercier nos actionnaires et le conseil d&rsquo;administration pour leur engagement et Ryanair pour sa coop\u00e9ration constante\u00a0\u00bb.<\/em><\/p>\n<p>Afin de poursuivre la mise en \u0153uvre du service aux utilisateurs, une collaboration avec <strong>Moeves <\/strong>sera \u00e9galement lanc\u00e9e prochainement.<strong> <\/strong>une s\u00e9rie de liaisons par bus vers l&rsquo;a\u00e9roport, facilement accessibles via la plateforme et l&rsquo;application Moeves d\u00e9di\u00e9es.<\/p>\n<p><strong>Mauro Bolla, directeur national en Italie pour Ryanair, a d\u00e9clar\u00e9<\/strong>: <em>\u00ab\u00a0En tant que premi\u00e8re compagnie a\u00e9rienne en Europe et en Italie, nous sommes heureux d&rsquo;annoncer la nouvelle liaison entre Cuneo et Rome, qui offrira \u00e0 nos passagers la connexion directe souhait\u00e9e avec la capitale. Ryanair confirme son engagement \u00e0 poursuivre sa croissance dans le Pi\u00e9mont, en soutenant la reprise du tourisme italien avec une liaison essentielle, tout en donnant au tourisme un coup de fouet bien n\u00e9cessaire apr\u00e8s deux ann\u00e9es de ralentissement li\u00e9 \u00e0 la pand\u00e9mie\u00a0\u00bb.<\/em><\/p>\n<p style=\"text-align: center\"><span style=\"color: #173eb2\"> <em style=\"font-weight: bold\">En l&rsquo;honneur de cette nouvelle liaison, nous avons lanc\u00e9 un tarif promotionnel avec des places en vente \u00e0 partir de <\/em><\/span><span style=\"color: #173eb2\"><em style=\"font-weight: bold\">19,99 \u20ac pour les voyages de mars \u00e0 octobre<\/em><em style=\"font-weight: bold\">,<\/em><em><span style=\"color: #e09900\"><b> qui doivent \u00eatre r\u00e9serv\u00e9es avant le mercredi 30 mars<\/b><\/span><\/em><em style=\"font-weight: bold\">. Comme ces taux incroyablement bas vont se vendre rapidement, les clients doivent se rendre sur le site <a href=\"https:\/\/cuneo.us5.list-manage.com\/track\/click?u=c4b25146853ea733e09823b9c&amp;id=0c12398d00&amp;e=b947c7f3a0\" style=\"color: #173eb2\">www.ryanair.com<\/a> pour \u00e9viter de les perdre&rsquo;.<\/em><\/span><\/p>\n<p>[\/et_pb_text][\/et_pb_column][\/et_pb_row][\/et_pb_section]<\/p>\n","protected":false},"excerpt":{"rendered":"<p>Le d\u00e9but de la saison estivale de Ryanair marque le lancement d&rsquo;une nouvelle liaison vers la capitale, op\u00e9r\u00e9e cinq fois par semaine.<\/p>\n","protected":false},"author":3,"featured_media":0,"comment_status":"closed","ping_status":"open","sticky":false,"template":"","format":"standard","meta":{"_acf_changed":false,"_et_pb_use_builder":"on","_et_pb_old_content":"","_et_gb_content_width":"","footnotes":""},"categories":[42,75,1,50],"tags":[],"class_list":["post-11219","post","type-post","status-publish","format-standard","hentry","category-comunicati-stampa","category-news-en","category-non-categorizzato","category-non-classifiee"],"acf":[],"_links":{"self":[{"href":"https:\/\/cuneoairport.com\/fr\/wp-json\/wp\/v2\/posts\/11219","targetHints":{"allow":["GET"]}}],"collection":[{"href":"https:\/\/cuneoairport.com\/fr\/wp-json\/wp\/v2\/posts"}],"about":[{"href":"https:\/\/cuneoairport.com\/fr\/wp-json\/wp\/v2\/types\/post"}],"author":[{"embeddable":true,"href":"https:\/\/cuneoairport.com\/fr\/wp-json\/wp\/v2\/users\/3"}],"replies":[{"embeddable":true,"href":"https:\/\/cuneoairport.com\/fr\/wp-json\/wp\/v2\/comments?post=11219"}],"version-history":[{"count":0,"href":"https:\/\/cuneoairport.com\/fr\/wp-json\/wp\/v2\/posts\/11219\/revisions"}],"wp:attachment":[{"href":"https:\/\/cuneoairport.com\/fr\/wp-json\/wp\/v2\/media?parent=11219"}],"wp:term":[{"taxonomy":"category","embeddable":true,"href":"https:\/\/cuneoairport.com\/fr\/wp-json\/wp\/v2\/categories?post=11219"},{"taxonomy":"post_tag","embeddable":true,"href":"https:\/\/cuneoairport.com\/fr\/wp-json\/wp\/v2\/tags?post=11219"}],"curies":[{"name":"wp","href":"https:\/\/api.w.org\/{rel}","templated":true}]}}