{"id":11210,"date":"2022-08-08T16:37:42","date_gmt":"2022-08-08T14:37:42","guid":{"rendered":"https:\/\/cuneoairport.com\/ryanair-et-cuneo-une-opportunite-de-croissance-economique-pour-la-region\/"},"modified":"2022-08-08T16:37:43","modified_gmt":"2022-08-08T14:37:43","slug":"ryanair-et-cuneo-une-opportunite-de-croissance-economique-pour-la-region","status":"publish","type":"post","link":"https:\/\/cuneoairport.com\/fr\/ryanair-et-cuneo-une-opportunite-de-croissance-economique-pour-la-region\/","title":{"rendered":"RYANAIR et CUNEO : une opportunit\u00e9 de croissance \u00e9conomique pour la r\u00e9gion"},"content":{"rendered":"<p>[et_pb_section fb_built=\u00a0\u00bb1&Prime; admin_label=\u00a0\u00bbsection\u00a0\u00bb _builder_version=\u00a0\u00bb3.22&Prime; global_colors_info=\u00a0\u00bb{}\u00a0\u00bb theme_builder_area=\u00a0\u00bbpost_content\u00a0\u00bb][et_pb_row admin_label=\u00a0\u00bbligne\u00a0\u00bb _builder_version=\u00a0\u00bb3.25&Prime; background_size=\u00a0\u00bbinitial\u00a0\u00bb background_position=\u00a0\u00bbtop_left\u00a0\u00bb background_repeat=\u00a0\u00bbrepeat\u00a0\u00bb custom_margin=\u00a0\u00bb|auto|-13px|auto||\u00a0\u00bb global_colors_info=\u00a0\u00bb{}\u00a0\u00bb theme_builder_area=\u00a0\u00bbpost_content\u00a0\u00bb][et_pb_column type=\u00a0\u00bb4_4&Prime; _builder_version=\u00a0\u00bb3.25&Prime; custom_padding=\u00a0\u00bb|||\u00a0\u00bb global_colors_info=\u00a0\u00bb{}\u00a0\u00bb custom_padding__hover=\u00a0\u00bb|||\u00a0\u00bb theme_builder_area=\u00a0\u00bbpost_content\u00a0\u00bb][et_pb_text admin_label=\u00a0\u00bbText\u00a0\u00bb _builder_version=\u00a0\u00bb4.14.3&Prime; background_size=\u00a0\u00bbinitial\u00a0\u00bb background_position=\u00a0\u00bbtop_left\u00a0\u00bb background_repeat=\u00a0\u00bbrepeat\u00a0\u00bb hover_enabled=\u00a0\u00bb0&Prime; global_colors_info=\u00a0\u00bb{}\u00a0\u00bb theme_builder_area=\u00a0\u00bbpost_content\u00a0\u00bb sticky_enabled=\u00a0\u00bb0&Prime;]<\/p>\n<h4 class=\"meta \"><span class=\"post-date\">2 JUILLET 2021<span class=\"divider\"> \u2022<\/span><\/span><strong><span class=\"categs\"> A\u00c9ROPORT DE CUNEO<\/span><\/strong><\/h4>\n<h2 style=\"text-align: justify\"><strong>RYANAIR et CUNEO : une opportunit\u00e9 de croissance \u00e9conomique pour la r\u00e9gion.<\/strong><\/h2>\n<p style=\"text-align: justify\"><strong> <\/strong><strong><em>L&rsquo;horaire de Ryanair \u00e0 l&rsquo;a\u00e9roport de Cuneo est l&rsquo;occasion pour le tissu \u00e9conomique industriel de r\u00e9fl\u00e9chir \u00e0 l&rsquo;importance strat\u00e9gique de la collaboration avec le transporteur irlandais pour la croissance du trafic et l&rsquo;impact \u00e9conomique qui en d\u00e9coule pour la zone de Cuneo.<\/em><\/strong>.<\/p>\n<p style=\"text-align: justify\">La volont\u00e9 de surmonter les saisons difficiles de la pand\u00e9mie, qui a d\u00e9flagr\u00e9 le transport a\u00e9rien et toute l&rsquo;industrie qui lui est li\u00e9e, a suscit\u00e9 une r\u00e9action proactive pour exploiter le besoin de retour au voyage.<\/p>\n<p style=\"text-align: justify\">\u00c0 la lumi\u00e8re de ce sc\u00e9nario et du programme de vols que Ryanair a lanc\u00e9 \u00e0 l&rsquo;a\u00e9roport, qui est en augmentation par rapport au pass\u00e9, les institutions locales ont voulu r\u00e9fl\u00e9chir \u00e0 l&rsquo;importance strat\u00e9gique que l&rsquo;augmentation de l&rsquo;activit\u00e9 de l&rsquo;infrastructure a\u00e9roportuaire peut avoir pour le territoire dans cette phase historique d\u00e9licate.<\/p>\n<p style=\"text-align: justify\">\u00ab\u00a0Aujourd&rsquo;hui, nous consolidons le rapport de coop\u00e9ration de l&rsquo;a\u00e9roport de Cuneo, auquel nous avons toujours cru, avec Ryanair, l&rsquo;un des plus importants transporteurs a\u00e9riens au monde\u00a0\u00bb, d\u00e9clare Mauro Gola, pr\u00e9sident de la Chambre de commerce. Un a\u00e9roport efficace repr\u00e9sente un avantage comp\u00e9titif important pour la promotion du tourisme, satisfait le besoin de mobilit\u00e9 de la population, devient un attracteur d&rsquo;investissements et une condition essentielle pour la croissance d&rsquo;un territoire.\u00a0\u00bb<\/p>\n<p style=\"text-align: justify\">\u00ab\u00a0Notre territoire &#8211; ajoute le pr\u00e9sident de la province Federico Borgna &#8211; a un besoin urgent de formes de connexion avec le reste du pays et du monde. La pr\u00e9sence de Ryanair, consolid\u00e9e par des ann\u00e9es de service a\u00e9rien \u00e0 Levaldigi, en fait une garantie pour le d\u00e9veloppement de l&rsquo;a\u00e9roport de Cuneo et, plus g\u00e9n\u00e9ralement, pour la croissance de notre province Granda avec son important tissu productif et ses activit\u00e9s \u00e9conomiques li\u00e9es au tourisme\u00a0\u00bb.<\/p>\n<p style=\"text-align: justify\">Lors de la conf\u00e9rence qui s&rsquo;est tenue aujourd&rsquo;hui au Meeting Centre de la Province de Cuneo, les th\u00e8mes li\u00e9s au rapport entre le syst\u00e8me a\u00e9roportuaire et le d\u00e9veloppement territorial ont \u00e9t\u00e9 abord\u00e9s gr\u00e2ce aux intervenants Mauro Bolla, Country Manager Italie de Ryanair, qui a abord\u00e9 la question de la synergie entre les autorit\u00e9s locales, la compagnie a\u00e9rienne et l&rsquo;a\u00e9roport et les perspectives de d\u00e9veloppement qui peuvent en d\u00e9couler, et Bruno Rampinelli Rota, Directeur G\u00e9n\u00e9ral de to70 Italie, qui a offert une vision plus large et plus technique de l&rsquo;impact \u00e9conomique que le trafic a\u00e9rien peut g\u00e9n\u00e9rer sur la zone de chalandise.<\/p>\n<p style=\"text-align: justify\">\u00ab\u00a0Ryanair, en tant que premi\u00e8re compagnie a\u00e9rienne d&rsquo;Europe et d&rsquo;Italie, est heureuse de confirmer son engagement envers le Pi\u00e9mont en annon\u00e7ant ses op\u00e9rations estivales au d\u00e9part de Cuneo, qui comprennent des liaisons vers Bari et Palerme, avec 2 fr\u00e9quences par semaine, et Cagliari, avec 3 fr\u00e9quences par semaine. <strong> a d\u00e9clar\u00e9<\/strong> <strong>Mauro Bolla, directeur national de Ryanair en Italie <\/strong>. \u00ab\u00a0Cette ann\u00e9e marque le 14e anniversaire du d\u00e9but de nos activit\u00e9s \u00e0 Cuneo et nous sommes ravis de c\u00e9l\u00e9brer cette \u00e9tape importante.<\/p>\n<p style=\"text-align: justify\">avec le lancement r\u00e9cent de la liaison strat\u00e9gique avec Rome Fiumicino (4 fr\u00e9quences hebdomadaires) qui contribuera \u00e0 soutenir la reprise du tourisme \u00e0 Cuneo et dans le Pi\u00e9mont apr\u00e8s deux ann\u00e9es difficiles.<\/p>\n<p style=\"text-align: justify\">Pour permettre \u00e0 nos clients et visiteurs de\/vers Cuneo de r\u00e9server leurs vacances d&rsquo;\u00e9t\u00e9 aux tarifs les plus bas, nous lan\u00e7ons une vente de places avec des tarifs disponibles \u00e0 partir de seulement 19,99 \u20ac pour des voyages jusqu&rsquo;en octobre 2022, qui doivent \u00eatre r\u00e9serv\u00e9s avant le vendredi 6 mai. Comme ces tarifs super avantageux seront rapidement \u00e9puis\u00e9s, les clients doivent se connecter \u00e0 <a href=\"http:\/\/www.ryanair.com\/\">www.ryanair.com<\/a> pour \u00e9viter de les perdre.<\/p>\n<p style=\"text-align: justify\">\u00ab\u00a0Avec un peu plus de deux mille m\u00e8tres d&rsquo;asphalte, soit la longueur d&rsquo;une piste, il est possible de connecter un territoire au monde et de faire d\u00e9couvrir les beaut\u00e9s culturelles, architecturales et paysag\u00e8res dont la r\u00e9gion de Cuneo est incontestablement riche\u00a0\u00bb. <strong>souligne Bruno Rampinelli Rota, directeur g\u00e9n\u00e9ral de to70 Italy.<\/strong> \u00ab\u00a0Le trafic a\u00e9rien g\u00e9n\u00e9r\u00e9 par les activit\u00e9s a\u00e9roportuaires est l&rsquo;un des principaux multiplicateurs des activit\u00e9s \u00e9conomiques locales li\u00e9es au tourisme et du tissu \u00e9conomique de la province. Il existe des indicateurs tels que l&rsquo;internationalisation, la possibilit\u00e9 d&rsquo;attirer des investissements en capital financier et humain qu&rsquo;aucune statistique ne peut r\u00e9ellement quantifier mais qui sont une cons\u00e9quence directe du transport a\u00e9rien. Il est donc n\u00e9cessaire de renforcer le concept selon lequel \u00ab\u00a0l&rsquo;a\u00e9roport vit avec le territoire et le territoire avec son a\u00e9roport\u00a0\u00bb.<\/p>\n<p style=\"text-align: justify\">Levaldigi, 04\/05\/22<\/p>\n<p style=\"text-align: justify\"><a href=\"https:\/\/cuneoairport.com\/wp-content\/uploads\/2022\/05\/CS-22.05.04-RYANAIR-E-CUNEO.pdf\" rel=\"attachment wp-att-9992\">T\u00c9L\u00c9CHARGER LE COMMUNIQU\u00c9 DE PRESSE<\/a><\/p>\n<p style=\"text-align: justify\">\n<p style=\"text-align: justify\">[\/et_pb_text][\/et_pb_column][\/et_pb_row][\/et_pb_section]<\/p>\n","protected":false},"excerpt":{"rendered":"<p>2 JUILLET 2021 \u2022 A\u00c9ROPORT DE CUNEO RYANAIR et CUNEO : une opportunit\u00e9 de croissance \u00e9conomique pour la r\u00e9gion. L&rsquo;horaire de Ryanair \u00e0 l&rsquo;a\u00e9roport de Cuneo est l&rsquo;occasion pour le tissu \u00e9conomique industriel de r\u00e9fl\u00e9chir \u00e0 l&rsquo;importance strat\u00e9gique de la collaboration avec le transporteur irlandais pour la croissance du trafic et l&rsquo;impact \u00e9conomique qui en [&hellip;]<\/p>\n","protected":false},"author":3,"featured_media":9981,"comment_status":"closed","ping_status":"open","sticky":false,"template":"","format":"standard","meta":{"_acf_changed":false,"_et_pb_use_builder":"on","_et_pb_old_content":"","_et_gb_content_width":"","footnotes":""},"categories":[42,50],"tags":[],"class_list":["post-11210","post","type-post","status-publish","format-standard","has-post-thumbnail","hentry","category-comunicati-stampa","category-non-classifiee"],"acf":[],"_links":{"self":[{"href":"https:\/\/cuneoairport.com\/fr\/wp-json\/wp\/v2\/posts\/11210","targetHints":{"allow":["GET"]}}],"collection":[{"href":"https:\/\/cuneoairport.com\/fr\/wp-json\/wp\/v2\/posts"}],"about":[{"href":"https:\/\/cuneoairport.com\/fr\/wp-json\/wp\/v2\/types\/post"}],"author":[{"embeddable":true,"href":"https:\/\/cuneoairport.com\/fr\/wp-json\/wp\/v2\/users\/3"}],"replies":[{"embeddable":true,"href":"https:\/\/cuneoairport.com\/fr\/wp-json\/wp\/v2\/comments?post=11210"}],"version-history":[{"count":0,"href":"https:\/\/cuneoairport.com\/fr\/wp-json\/wp\/v2\/posts\/11210\/revisions"}],"wp:featuredmedia":[{"embeddable":true,"href":"https:\/\/cuneoairport.com\/fr\/wp-json\/wp\/v2\/media\/9981"}],"wp:attachment":[{"href":"https:\/\/cuneoairport.com\/fr\/wp-json\/wp\/v2\/media?parent=11210"}],"wp:term":[{"taxonomy":"category","embeddable":true,"href":"https:\/\/cuneoairport.com\/fr\/wp-json\/wp\/v2\/categories?post=11210"},{"taxonomy":"post_tag","embeddable":true,"href":"https:\/\/cuneoairport.com\/fr\/wp-json\/wp\/v2\/tags?post=11210"}],"curies":[{"name":"wp","href":"https:\/\/api.w.org\/{rel}","templated":true}]}}