{"id":11192,"date":"2022-08-08T16:25:53","date_gmt":"2022-08-08T14:25:53","guid":{"rendered":"https:\/\/cuneoairport.com\/tabui-et-laeroport-de-cuneo-volent-ensemble\/"},"modified":"2022-08-08T16:25:55","modified_gmt":"2022-08-08T14:25:55","slug":"tabui-et-laeroport-de-cuneo-volent-ensemble","status":"publish","type":"post","link":"https:\/\/cuneoairport.com\/fr\/tabui-et-laeroport-de-cuneo-volent-ensemble\/","title":{"rendered":"TabUi et l&rsquo;a\u00e9roport de Cuneo volent ensemble"},"content":{"rendered":"<p>[et_pb_section fb_built=\u00a0\u00bb1&Prime; admin_label=\u00a0\u00bbsection\u00a0\u00bb _builder_version=\u00a0\u00bb3.22&Prime; global_colors_info=\u00a0\u00bb{}\u00a0\u00bb][et_pb_row admin_label=\u00a0\u00bbligne\u00a0\u00bb _builder_version=\u00a0\u00bb3.25&Prime; background_size=\u00a0\u00bbinitial\u00a0\u00bb background_position=\u00a0\u00bbtop_left\u00a0\u00bb background_repeat=\u00a0\u00bbrepeat\u00a0\u00bb custom_padding=\u00a0\u00bb3px|||||\u00a0\u00bb global_colors_info=\u00a0\u00bb{}\u00a0\u00bb][et_pb_column type=\u00a0\u00bb4_4&Prime; _builder_version=\u00a0\u00bb3.25&Prime; custom_padding=\u00a0\u00bb|||\u00a0\u00bb global_colors_info=\u00a0\u00bb{}\u00a0\u00bb custom_padding__hover=\u00a0\u00bb|||\u00a0\u00bb][et_pb_text admin_label=\u00a0\u00bbText\u00a0\u00bb _builder_version=\u00a0\u00bb3.27.4&Prime; background_size=\u00a0\u00bbinitial\u00a0\u00bb background_position=\u00a0\u00bbtop_left\u00a0\u00bb background_repeat=\u00a0\u00bbrepeat\u00a0\u00bb global_colors_info=\u00a0\u00bb{}\u00a0\u00bb]<\/p>\n<h4 class=\"meta \"><span class=\"post-date\">08 AVRIL 2022<span class=\"divider\">\u2022<\/span><\/span> <span class=\"categs\">A\u00c9ROPORT DE CUNEO<\/span><\/h4>\n<h2><strong>TabUi et l&rsquo;a\u00e9roport de Cuneo volent ensemble<\/strong><\/h2>\n<h4>Partenariat entre l&rsquo;App et l&rsquo;a\u00e9roport de Cuneo<\/h4>\n<p style=\"text-align: justify\"><strong><em> <\/em><\/strong><strong>TabUi <\/strong>veut s&rsquo;enraciner encore plus profond\u00e9ment dans la <strong>r\u00e9gion du Pi\u00e9mont<\/strong> et devenir en m\u00eame temps une <strong>vitrine num\u00e9rique compl\u00e8te<\/strong>, un point de r\u00e9f\u00e9rence pour les voyageurs. C&rsquo;est dans cet esprit qu&rsquo;est n\u00e9e la collaboration entre <strong>l&rsquo;application de r\u00e9alit\u00e9 augment\u00e9e<\/strong> et l&rsquo;<strong>a\u00e9roport de Cuneo<\/strong>.<\/p>\n<p style=\"text-align: justify\"><strong>Giorgio Proglio<\/strong>, <strong>PDG et fondateur de<\/strong> tabUi, explique:\u00a0\u00bbNous fournirons des informations sur cet a\u00e9roport et tenterons de le faire conna\u00eetre par ses destinations et ses services. Dans le m\u00eame temps, les personnes qui t\u00e9l\u00e9chargent l&rsquo;application peuvent commencer \u00e0 d\u00e9couvrir les <strong>merveilles de la r\u00e9gion<\/strong>. Cuneo est un point strat\u00e9gique : la nature et les offres gastronomiques et vinicoles des Langhe, la <strong>beaut\u00e9 et les possibilit\u00e9s des montagnes<\/strong>, l&rsquo;histoire et les traditions d&rsquo;une grande ville comme <strong>Turin<\/strong> sont toutes \u00e0 port\u00e9e de main, sans oublier que nous sommes \u00e9galement proches de la <strong>Ligurie<\/strong>, de sa <strong>mer et de ses richesses<\/strong>\u00ab\u00a0.<\/p>\n<p style=\"text-align: justify\">ApptabUI, (terme utilis\u00e9 en pi\u00e9montais pour identifier les chiens truffiers) a \u00e9t\u00e9 <strong>cr\u00e9\u00e9 en 2019<\/strong> pour faire d\u00e9couvrir les joyaux du <strong>territoire pi\u00e9montais <\/strong>gr\u00e2ce au \u00a0\u00bb nez \u00a0\u00bb des nouvelles technologies num\u00e9riques.<\/p>\n<p style=\"text-align: justify\">\u00ab\u00a0Nous voulons \u00eatre en mesure d&rsquo;offrir une exp\u00e9rience de voyage encore meilleure \u00e0 nos passagers\u00a0\u00bb, d\u00e9clare Anna Milanese, directrice g\u00e9n\u00e9rale de l&rsquo;a\u00e9roport de Cuneo, \u00ab\u00a0et la collaboration avec Tabui est n\u00e9e dans cet objectif, pour faciliter et rendre les informations touristiques imm\u00e9diatement accessibles d\u00e8s l&rsquo;arriv\u00e9e \u00e0 l&rsquo;a\u00e9roport. Tabui est un outil imm\u00e9diat pour transformer les passagers en touristes\u00a0\u00bb.<\/p>\n<p>[\/et_pb_text][\/et_pb_column][\/et_pb_row][et_pb_row _builder_version=\u00a0\u00bb4.14.3&Prime; _module_preset=\u00a0\u00bbdefault\u00a0\u00bb global_colors_info=\u00a0\u00bb{}\u00a0\u00bb][et_pb_column type=\u00a0\u00bb4_4&Prime; _builder_version=\u00a0\u00bb4.14.3&Prime; _module_preset=\u00a0\u00bbdefault\u00a0\u00bb global_colors_info=\u00a0\u00bb{}\u00a0\u00bb][et_pb_image src=\u00a0\u00bbhttps:\/\/cuneoairport.com\/wp-content\/uploads\/2022\/04\/Tabui-4.jpg\u00a0\u00bb title_text=\u00a0\u00bbTabui 4&Prime; _builder_version=\u00a0\u00bb4.14.3&Prime; _module_preset=\u00a0\u00bbdefault\u00a0\u00bb global_colors_info=\u00a0\u00bb{}\u00a0\u00bb][\/et_pb_image][\/et_pb_column][\/et_pb_row][\/et_pb_section]<\/p>\n","protected":false},"excerpt":{"rendered":"<p>08 AVRIL 2022\u2022 A\u00c9ROPORT DE CUNEO TabUi et l&rsquo;a\u00e9roport de Cuneo volent ensemble Partenariat entre l&rsquo;App et l&rsquo;a\u00e9roport de Cuneo TabUi veut s&rsquo;enraciner encore plus profond\u00e9ment dans la r\u00e9gion du Pi\u00e9mont et devenir en m\u00eame temps une vitrine num\u00e9rique compl\u00e8te, un point de r\u00e9f\u00e9rence pour les voyageurs. C&rsquo;est dans cet esprit qu&rsquo;est n\u00e9e la collaboration [&hellip;]<\/p>\n","protected":false},"author":3,"featured_media":9962,"comment_status":"closed","ping_status":"open","sticky":false,"template":"","format":"standard","meta":{"_acf_changed":false,"_et_pb_use_builder":"on","_et_pb_old_content":"","_et_gb_content_width":"","footnotes":""},"categories":[42,39,50],"tags":[],"class_list":["post-11192","post","type-post","status-publish","format-standard","has-post-thumbnail","hentry","category-comunicati-stampa","category-news","category-non-classifiee"],"acf":[],"_links":{"self":[{"href":"https:\/\/cuneoairport.com\/fr\/wp-json\/wp\/v2\/posts\/11192","targetHints":{"allow":["GET"]}}],"collection":[{"href":"https:\/\/cuneoairport.com\/fr\/wp-json\/wp\/v2\/posts"}],"about":[{"href":"https:\/\/cuneoairport.com\/fr\/wp-json\/wp\/v2\/types\/post"}],"author":[{"embeddable":true,"href":"https:\/\/cuneoairport.com\/fr\/wp-json\/wp\/v2\/users\/3"}],"replies":[{"embeddable":true,"href":"https:\/\/cuneoairport.com\/fr\/wp-json\/wp\/v2\/comments?post=11192"}],"version-history":[{"count":0,"href":"https:\/\/cuneoairport.com\/fr\/wp-json\/wp\/v2\/posts\/11192\/revisions"}],"wp:featuredmedia":[{"embeddable":true,"href":"https:\/\/cuneoairport.com\/fr\/wp-json\/wp\/v2\/media\/9962"}],"wp:attachment":[{"href":"https:\/\/cuneoairport.com\/fr\/wp-json\/wp\/v2\/media?parent=11192"}],"wp:term":[{"taxonomy":"category","embeddable":true,"href":"https:\/\/cuneoairport.com\/fr\/wp-json\/wp\/v2\/categories?post=11192"},{"taxonomy":"post_tag","embeddable":true,"href":"https:\/\/cuneoairport.com\/fr\/wp-json\/wp\/v2\/tags?post=11192"}],"curies":[{"name":"wp","href":"https:\/\/api.w.org\/{rel}","templated":true}]}}