{"id":11133,"date":"2022-08-08T15:43:33","date_gmt":"2022-08-08T13:43:33","guid":{"rendered":"https:\/\/cuneoairport.com\/avec-moeves-une-navette-reliera-laeroport-de-cuneo-a-cinq-villes-de-la-region-de-granda\/"},"modified":"2022-08-08T15:43:34","modified_gmt":"2022-08-08T13:43:34","slug":"avec-moeves-une-navette-reliera-laeroport-de-cuneo-a-cinq-villes-de-la-region-de-granda","status":"publish","type":"post","link":"https:\/\/cuneoairport.com\/fr\/avec-moeves-une-navette-reliera-laeroport-de-cuneo-a-cinq-villes-de-la-region-de-granda\/","title":{"rendered":"Avec \u00ab\u00a0Moeves\u00a0\u00bb, une navette reliera l&rsquo;a\u00e9roport de Cuneo \u00e0 cinq villes de la r\u00e9gion de Granda."},"content":{"rendered":"<p>[et_pb_section fb_built=\u00a0\u00bb1&Prime; admin_label=\u00a0\u00bbsection\u00a0\u00bb _builder_version=\u00a0\u00bb3.22&Prime; global_colors_info=\u00a0\u00bb{}\u00a0\u00bb theme_builder_area=\u00a0\u00bbpost_content\u00a0\u00bb][et_pb_row admin_label=\u00a0\u00bbligne\u00a0\u00bb _builder_version=\u00a0\u00bb3.25&Prime; background_size=\u00a0\u00bbinitial\u00a0\u00bb background_position=\u00a0\u00bbtop_left\u00a0\u00bb background_repeat=\u00a0\u00bbrepeat\u00a0\u00bb global_colors_info=\u00a0\u00bb{}\u00a0\u00bb theme_builder_area=\u00a0\u00bbpost_content\u00a0\u00bb][et_pb_column type=\u00a0\u00bb4_4&Prime; _builder_version=\u00a0\u00bb3.25&Prime; custom_padding=\u00a0\u00bb|||\u00a0\u00bb global_colors_info=\u00a0\u00bb{}\u00a0\u00bb custom_padding__hover=\u00a0\u00bb|||\u00a0\u00bb theme_builder_area=\u00a0\u00bbpost_content\u00a0\u00bb][et_pb_text admin_label=\u00a0\u00bbText\u00a0\u00bb _builder_version=\u00a0\u00bb4.14.3&Prime; background_size=\u00a0\u00bbinitial\u00a0\u00bb background_position=\u00a0\u00bbtop_left\u00a0\u00bb background_repeat=\u00a0\u00bbrepeat\u00a0\u00bb hover_enabled=\u00a0\u00bb0&Prime; global_colors_info=\u00a0\u00bb{}\u00a0\u00bb theme_builder_area=\u00a0\u00bbpost_content\u00a0\u00bb sticky_enabled=\u00a0\u00bb0&Prime;]<\/p>\n<h4 style=\"text-align: justify\"><span class=\"post-date\">1ER JUIN 2022 <span class=\"divider\">&#8211;<\/span><\/span> <strong><span class=\"categs\">A\u00c9ROPORT DE CUNEO<\/span><\/strong><\/h4>\n<p>&nbsp;<\/p>\n<h2>Avec \u00ab\u00a0Moeves\u00a0\u00bb, une navette reliera l&rsquo;a\u00e9roport de Cuneo \u00e0 cinq villes de la r\u00e9gion de Granda.<strong><span class=\"categs\"><\/span><\/strong><\/h2>\n<p style=\"text-align: justify\"><em>\u00c0 partir du lundi 6 juin, le service sera disponible \u00e0 Cuneo, Fossano, Mondov\u00ec, Saluzzo et Savigliano, uniquement sur rendez-vous. <\/em><\/p>\n<p style=\"text-align: justify\">\u00c0 partir du lundi 6 juin, une navette reliera les villes de Cuneo, Fossano, Mondov\u00ec, Saluzzo et Savigliano \u00e0 l&rsquo;a\u00e9roport de Cuneo sur r\u00e9servation. Le service, r\u00e9alis\u00e9 par Moeves avec six soci\u00e9t\u00e9s de transport public locales du consortium GrandaBus (Bus Company, Allasia, Gunetto Autolinee, Sav Group, Valle Pesio et Stp), en collaboration avec l&rsquo;a\u00e9roport de Cuneo, peut \u00eatre r\u00e9serv\u00e9 en ligne sur le site <a href=\"http:\/\/www.moeves.it\">www.moeves.it<\/a>\u00e0 travers le <strong>L&rsquo;application Moeves<\/strong> ou en appelant <strong>0175\/478816<\/strong> (le service de r\u00e9servation fonctionne du lundi au vendredi de 8 h 30 \u00e0 12 h 30 et de 14 h 30 \u00e0 16 h 30). Un bus arrivera directement \u00e0 la gare ou au centre commercial de la ville choisie et vous conduira \u00e0 l&rsquo;a\u00e9roport \u00e0 temps pour l&rsquo;enregistrement ou, inversement, sera \u00e0 l&rsquo;a\u00e9roport de Cuneo \u00e0 l&rsquo;arriv\u00e9e de votre vol. Plus pr\u00e9cis\u00e9ment, <strong>des vols seront<\/strong> effectu\u00e9s vers Cagliari (Ryanair), Rome (Ryanair), Bari (Ryanair), Palerme (Ryanair) et Casablanca (Air Arabia Maroc). Pour plus d&rsquo;informations : www.moeves.it.<\/p>\n<p style=\"text-align: justify\"><strong>Apr\u00e8s le lancement r\u00e9ussi, en octobre dernier, du service \u00a0\u00bb Moeves Real Time \u00a0\u00bb vers la ville de Cuneo, nous \u00e9tendons la plateforme en offrant \u00e0 un large \u00e9ventail d&rsquo;utilisateurs au d\u00e9part ou \u00e0 l&rsquo;arriv\u00e9e de l&rsquo;a\u00e9roport de Cuneo, pour les affaires ou le tourisme, la possibilit\u00e9 de profiter d&rsquo;une connexion rapide, ponctuelle et s\u00fbre vers certaines des principales villes de la province \u00ab\u00a0. Alba et Bra seront bient\u00f4t ajout\u00e9s\u00a0\u00bb.<\/strong>commente Filippo Beltrami, directeur g\u00e9n\u00e9ral de Moeves.<\/p>\n<p style=\"text-align: justify\">\u00ab\u00a0Avec ce projet, le renforcement des services offerts par les entreprises locales de transport public se poursuit afin de r\u00e9pondre aux besoins de mobilit\u00e9 des usagers par le biais d&rsquo;initiatives de plus en plus cibl\u00e9es et sur mesure\u00a0\u00bb, souligne Enrico Galleano, directeur g\u00e9n\u00e9ral de la soci\u00e9t\u00e9 Bus. \u00ab\u00a0En outre, cette initiative repr\u00e9sente la capacit\u00e9 de notre syst\u00e8me \u00e0 travailler en \u00e9quipe au nom du d\u00e9veloppement g\u00e9n\u00e9ral du territoire et de son \u00e9norme potentiel\u00a0\u00bb.<\/p>\n<p style=\"text-align: justify\">La collaboration avec Moeves est le r\u00e9sultat d&rsquo;un long travail de synergie avec le territoire\u00a0\u00bb, ajoute <strong>Anna Milanese<\/strong>, directrice g\u00e9n\u00e9rale de l&rsquo;a\u00e9roport de Cuneo. Nous sommes tr\u00e8s heureux de pouvoir d\u00e9sormais offrir aux usagers un service d&rsquo;accessibilit\u00e9 pratique et complet depuis et vers l&rsquo;a\u00e9roport. Avec la saison estivale qui s&rsquo;annonce, les touristes qui arrivent pourront \u00e9galement atteindre leur destination finale rapidement et facilement\u00a0\u00bb.<\/p>\n<p>&nbsp;<\/p>\n<p>ARTICLE SUR : <a href=\"https:\/\/www.autorivari.com\/con-moeves-una-navetta-colleghera-laeroporto-di-cuneo-a-cinque-citta-della-granda\/\" target=\"_blank\" rel=\"noopener\">www.autorivari.com<\/a><\/p>\n<p>[\/et_pb_text][\/et_pb_column][\/et_pb_row][\/et_pb_section]<\/p>\n","protected":false},"excerpt":{"rendered":"<p>1ER JUIN 2022 &#8211; A\u00c9ROPORT DE CUNEO &nbsp; Avec \u00ab\u00a0Moeves\u00a0\u00bb, une navette reliera l&rsquo;a\u00e9roport de Cuneo \u00e0 cinq villes de la r\u00e9gion de Granda. \u00c0 partir du lundi 6 juin, le service sera disponible \u00e0 Cuneo, Fossano, Mondov\u00ec, Saluzzo et Savigliano, uniquement sur rendez-vous. \u00c0 partir du lundi 6 juin, une navette reliera les villes [&hellip;]<\/p>\n","protected":false},"author":3,"featured_media":10086,"comment_status":"closed","ping_status":"open","sticky":false,"template":"","format":"standard","meta":{"_acf_changed":false,"_et_pb_use_builder":"on","_et_pb_old_content":"","_et_gb_content_width":"","footnotes":""},"categories":[42,39,50,72],"tags":[],"class_list":["post-11133","post","type-post","status-publish","format-standard","has-post-thumbnail","hentry","category-comunicati-stampa","category-news","category-non-classifiee","category-press-releases"],"acf":[],"_links":{"self":[{"href":"https:\/\/cuneoairport.com\/fr\/wp-json\/wp\/v2\/posts\/11133","targetHints":{"allow":["GET"]}}],"collection":[{"href":"https:\/\/cuneoairport.com\/fr\/wp-json\/wp\/v2\/posts"}],"about":[{"href":"https:\/\/cuneoairport.com\/fr\/wp-json\/wp\/v2\/types\/post"}],"author":[{"embeddable":true,"href":"https:\/\/cuneoairport.com\/fr\/wp-json\/wp\/v2\/users\/3"}],"replies":[{"embeddable":true,"href":"https:\/\/cuneoairport.com\/fr\/wp-json\/wp\/v2\/comments?post=11133"}],"version-history":[{"count":0,"href":"https:\/\/cuneoairport.com\/fr\/wp-json\/wp\/v2\/posts\/11133\/revisions"}],"wp:featuredmedia":[{"embeddable":true,"href":"https:\/\/cuneoairport.com\/fr\/wp-json\/wp\/v2\/media\/10086"}],"wp:attachment":[{"href":"https:\/\/cuneoairport.com\/fr\/wp-json\/wp\/v2\/media?parent=11133"}],"wp:term":[{"taxonomy":"category","embeddable":true,"href":"https:\/\/cuneoairport.com\/fr\/wp-json\/wp\/v2\/categories?post=11133"},{"taxonomy":"post_tag","embeddable":true,"href":"https:\/\/cuneoairport.com\/fr\/wp-json\/wp\/v2\/tags?post=11133"}],"curies":[{"name":"wp","href":"https:\/\/api.w.org\/{rel}","templated":true}]}}