{"id":11102,"date":"2022-08-08T15:24:26","date_gmt":"2022-08-08T13:24:26","guid":{"rendered":"https:\/\/cuneoairport.com\/sejours-touristiques-dans-le-piemont\/"},"modified":"2022-08-08T15:24:27","modified_gmt":"2022-08-08T13:24:27","slug":"sejours-touristiques-dans-le-piemont","status":"publish","type":"post","link":"https:\/\/cuneoairport.com\/fr\/sejours-touristiques-dans-le-piemont\/","title":{"rendered":"S\u00e9jours touristiques dans le Pi\u00e9mont"},"content":{"rendered":"<p>[et_pb_section fb_built=\u00a0\u00bb1&Prime; admin_label=\u00a0\u00bbsection\u00a0\u00bb _builder_version=\u00a0\u00bb3.22&Prime; global_colors_info=\u00a0\u00bb{}\u00a0\u00bb][et_pb_row admin_label=\u00a0\u00bbligne\u00a0\u00bb _builder_version=\u00a0\u00bb3.25&Prime; background_size=\u00a0\u00bbinitial\u00a0\u00bb background_position=\u00a0\u00bbtop_left\u00a0\u00bb background_repeat=\u00a0\u00bbrepeat\u00a0\u00bb global_colors_info=\u00a0\u00bb{}\u00a0\u00bb][et_pb_column type=\u00a0\u00bb4_4&Prime; _builder_version=\u00a0\u00bb3.25&Prime; custom_padding=\u00a0\u00bb|||\u00a0\u00bb global_colors_info=\u00a0\u00bb{}\u00a0\u00bb custom_padding__hover=\u00a0\u00bb|||\u00a0\u00bb][et_pb_text _builder_version=\u00a0\u00bb4.14.3&Prime; _module_preset=\u00a0\u00bbdefault\u00a0\u00bb global_colors_info=\u00a0\u00bb{}\u00a0\u00bb]<\/p>\n<h1 class=\"entry-title main_title\"><span style=\"font-size: 18px\"><a href=\"https:\/\/www.tortugaviaggi.it\/\" target=\"_blank\" rel=\"noopener\">Tortuga Viaggi<\/a> et <a href=\"https:\/\/www.lookingaround.it%20\" target=\"_blank\" rel=\"noopener\">Looking Around<\/a> pr\u00e9sentent des forfaits touristiques pour visiter la r\u00e9gion de Cuneo pour les passagers arrivant de Rome le jeudi ou le vendredi.<\/span><\/h1>\n<p>[\/et_pb_text][et_pb_gallery gallery_ids=\u00a0\u00bb10585,10588,10591,10594,10597,10600,10603,10606,10609,10612&Prime; fullwidth=\u00a0\u00bbon\u00a0\u00bb _builder_version=\u00a0\u00bb4.14.3&Prime; _module_preset=\u00a0\u00bbdefault\u00a0\u00bb background_layout=\u00a0\u00bbdark\u00a0\u00bb width=\u00a0\u00bb60%\u00a0\u00bb max_width=\u00a0\u00bb60%\u00a0\u00bb module_alignment=\u00a0\u00bbcenter\u00a0\u00bb min_height=\u00a0\u00bb159px\u00a0\u00bb custom_margin=\u00a0\u00bb24px|||||\u00a0\u00bb custom_padding=\u00a0\u00bb1px||0px|||\u00a0\u00bb animation_style=\u00a0\u00bbfade\u00a0\u00bb auto=\u00a0\u00bbon\u00a0\u00bb auto_speed=\u00a0\u00bb5000&Prime; global_colors_info=\u00a0\u00bb{}\u00a0\u00bb][\/et_pb_gallery][et_pb_text admin_label=\u00a0\u00bbText\u00a0\u00bb _builder_version=\u00a0\u00bb4.14.3&Prime; background_size=\u00a0\u00bbinitial\u00a0\u00bb background_position=\u00a0\u00bbtop_left\u00a0\u00bb background_repeat=\u00a0\u00bbrepeat\u00a0\u00bb global_colors_info=\u00a0\u00bb{}\u00a0\u00bb]<\/p>\n<div class=\"entry-content\">\n<h2><strong style=\"font-family: Poppins, Helvetica, Arial, Lucida, sans-serif;font-size: 16px\">A &#8211; HISTOIRE ET PREHISTOIRE DES ALPES &#8211; <\/strong><strong style=\"font-family: Poppins, Helvetica, Arial, Lucida, sans-serif;font-size: 16px\">Vermenagna et vall\u00e9e de la Roya<\/strong><strong style=\"font-family: Poppins, Helvetica, Arial, Lucida, sans-serif;font-size: 16px\"> <\/strong><\/h2>\n<p><strong><em>Jour 1 \/Jeudi<\/em><\/strong><\/p>\n<p style=\"text-align: justify\">Arriv\u00e9e \u00e0 l&rsquo;a\u00e9roport de Cuneo et transfert \u00e0 la ville de Cuneo. Temps libre pour le d\u00e9jeuner et dans l&rsquo;apr\u00e8s-midi, rencontre avec le guide pour une visite de la ville, une ville typiquement savoyarde, \u00e9l\u00e9gante et tr\u00e8s agr\u00e9able \u00e9galement sur le plan gastronomique. En partant de la Piazza Galimberti, l&rsquo;une des plus grandes d&rsquo;Italie, nous nous dirigeons vers la Via Roma, enti\u00e8rement vo\u00fbt\u00e9e et v\u00e9ritable joyau gr\u00e2ce \u00e0 ses splendides palais et ses rues secondaires o\u00f9 se trouve le complexe monumental de San Francesco datant du 13\u00e8me si\u00e8cle et la Tour Civique construite sur ordre de Roberto d&rsquo;Angi\u00f2 en 1317. Ensuite, transfert dans la vall\u00e9e pour le d\u00eener et la nuit.<\/p>\n<p style=\"text-align: justify\"><strong><em>Jour 2 \/ vendredi<\/em><\/strong><\/p>\n<p style=\"text-align: justify\">Petit-d\u00e9jeuner \u00e0 l&rsquo;h\u00f4tel et d\u00e9part pour une excursion d&rsquo;une journ\u00e9e en 4\u00d74 et \u00e0 pied pour voir les gravures rupestres de Fontanalba, qui datent d&rsquo;il y a entre 3000 et 5000 ans. La richesse de cette vall\u00e9e est unique en termes de faune, de flore et de paysage. D\u00e9jeuner gratuit. Retour \u00e0 l&rsquo;h\u00f4tel en fin d&rsquo;apr\u00e8s-midi pour le d\u00eener et la nuit.<\/p>\n<p style=\"text-align: justify\"><strong><em>3\u00e8me jour \/ samedi<\/em><\/strong><\/p>\n<p style=\"text-align: justify\">Apr\u00e8s le petit-d\u00e9jeuner, excursion d&rsquo;une journ\u00e9e sur la Via del Sale, une ancienne route militaire spectaculaire qui relie les Alpes pi\u00e9montaises et fran\u00e7aises \u00e0 la mer de Ligurie et serpente entre 1800 et 2100 m\u00e8tres d&rsquo;altitude \u00e0 travers des cols alpins, des virages en \u00e9pingle \u00e0 cheveux et des paysages audacieux. L&rsquo;itin\u00e9raire comprend une excursion en 4\u00d74 au refuge Don Barbera et une courte marche jusqu&rsquo;au refuge Capanna Morgantini. Possibilit\u00e9 d&rsquo;atteindre le sommet du <em>Marguareis<\/em> \u00e0 pied (d\u00e9nivel\u00e9 500 m). D\u00e9jeuner libre et retour \u00e0 l&rsquo;h\u00f4tel en fin d&rsquo;apr\u00e8s-midi. D\u00eener et nuit\u00e9e.<\/p>\n<p style=\"text-align: justify\"><em><strong>Jour 4 \/ Dimanche<\/strong><\/em><\/p>\n<p style=\"text-align: justify\">Petit-d\u00e9jeuner \u00e0 l&rsquo;h\u00f4tel puis transfert \u00e0 l&rsquo;a\u00e9roport de Cuneo \u00e0 temps pour le vol de retour.<\/p>\n<p style=\"text-align: justify\"><strong>FRAIS DE PARTICIPATION INDIVIDUELLE (min. 2 pax) : \u20ac 740.00<\/strong><\/p>\n<p style=\"text-align: justify\"><strong>Suppl\u00e9ment pour chambre individuelle : \u20ac 100.00<\/strong><\/p>\n<p style=\"text-align: justify\"><strong>Suppl\u00e9ment pour la politique d&rsquo;annulation 5% du co\u00fbt du voyage<\/strong><\/p>\n<p style=\"text-align: justify\"><u>Les frais comprennent :<\/u> transfert priv\u00e9 de et vers l&rsquo;a\u00e9roport de Cuneo &#8211; logement dans un h\u00f4tel 3* en chambre double avec demi-pension &#8211; guide pour la visite guid\u00e9e de Cuneo &#8211; guide naturaliste pour vendredi et samedi &#8211; utilisation de v\u00e9hicules 4\u00d74 selon le programme avec guide naturaliste \u00e0 bord &#8211; droits d&rsquo;entr\u00e9e l\u00e0 o\u00f9 ils sont applicables &#8211; assurance m\u00e9dicale + assurance bagages &#8211; assistance de ns\/personnel pour toute la p\u00e9riode.<\/p>\n<p style=\"text-align: justify\"><u>Le prix ne comprend pas : les<\/u> d\u00e9jeuners &#8211; les boissons &#8211; les pourboires &#8211; les extras personnels &#8211; les taxes touristiques le cas \u00e9ch\u00e9ant &#8211; tout ce qui n&rsquo;est pas indiqu\u00e9 dans \u00ab\u00a0le prix comprend\u00a0\u00bb.<\/p>\n<h5 style=\"text-align: justify\"><strong>2 &#8211; HISTOIRE ET PR\u00c9HISTOIRE DES ALPES &#8211; <\/strong><strong>Vermenagna et vall\u00e9e de la Roya<\/strong><\/h5>\n<p style=\"text-align: justify\"><em><strong>Jour 1 \/Vendredi<\/strong><\/em><\/p>\n<p style=\"text-align: justify\">Arriv\u00e9e \u00e0 l&rsquo;a\u00e9roport de Cuneo et transfert dans la vall\u00e9e pour le d\u00eener et la nuit.<\/p>\n<p style=\"text-align: justify\"><em><strong>2\u00e8me jour \/ samedi<\/strong><\/em><\/p>\n<p style=\"text-align: justify\">Petit-d\u00e9jeuner \u00e0 l&rsquo;h\u00f4tel et d\u00e9part pour une excursion d&rsquo;une journ\u00e9e en 4\u00d74 et \u00e0 pied pour voir les gravures rupestres de Fontanalba, qui datent d&rsquo;il y a entre 3000 et 5000 ans. La richesse de cette vall\u00e9e est unique en termes de faune, de flore et de paysage. D\u00e9jeuner gratuit. Retour \u00e0 l&rsquo;h\u00f4tel en fin d&rsquo;apr\u00e8s-midi pour le d\u00eener et la nuit.<\/p>\n<p style=\"text-align: justify\"><strong><em>Jour 3 \/ Dimanche<\/em><\/strong><\/p>\n<p style=\"text-align: justify\">Apr\u00e8s le petit-d\u00e9jeuner, excursion d&rsquo;une journ\u00e9e sur la Via del Sale, une ancienne route militaire spectaculaire qui relie les Alpes pi\u00e9montaises et fran\u00e7aises \u00e0 la mer de Ligurie et serpente entre 1800 et 2100 m\u00e8tres d&rsquo;altitude \u00e0 travers des cols alpins, des virages en \u00e9pingle \u00e0 cheveux et des paysages audacieux. L&rsquo;itin\u00e9raire comprend une excursion en 4\u00d74 au refuge Don Barbera et une courte marche jusqu&rsquo;au refuge Capanna Morgantini. Possibilit\u00e9 d&rsquo;atteindre le sommet du Marguareis \u00e0 pied (d\u00e9nivel\u00e9 500 m). D\u00e9jeuner libre et retour \u00e0 l&rsquo;h\u00f4tel en fin d&rsquo;apr\u00e8s-midi. D\u00eener et nuit\u00e9e.<\/p>\n<p style=\"text-align: justify\"><em><strong>Jour 4 \/ Lundi<\/strong><\/em><\/p>\n<p style=\"text-align: justify\">Petit-d\u00e9jeuner \u00e0 l&rsquo;h\u00f4tel puis transfert vers la ville de Cuneo, rencontre avec le guide pour une visite de la ville, une ville typiquement savoyarde, \u00e9l\u00e9gante et tr\u00e8s agr\u00e9able \u00e9galement sur le plan gastronomique. En partant de la Piazza Galimberti, l&rsquo;une des plus grandes d&rsquo;Italie, nous nous dirigeons vers la Via Roma, enti\u00e8rement vo\u00fbt\u00e9e et v\u00e9ritable joyau gr\u00e2ce \u00e0 ses splendides palais et ses rues secondaires o\u00f9 se trouve le complexe monumental de San Francesco datant du 13\u00e8me si\u00e8cle et la Tour Civique construite sur ordre de Roberto d&rsquo;Angi\u00f2 en 1317. Petit temps libre pour le d\u00e9jeuner et transfert \u00e0 l&rsquo;a\u00e9roport de Cuneo \u00e0 temps pour le vol de retour.<\/p>\n<p style=\"text-align: justify\"><strong>FRAIS DE PARTICIPATION INDIVIDUELLE (min. 2 pax) : \u20ac 740.00<\/strong><\/p>\n<p style=\"text-align: justify\"><strong>Suppl\u00e9ment pour chambre individuelle : \u20ac 100.00<\/strong><\/p>\n<p style=\"text-align: justify\"><strong>Suppl\u00e9ment pour la politique d&rsquo;annulation 5% du co\u00fbt du voyage<\/strong><\/p>\n<p style=\"text-align: justify\"><u>Les frais comprennent :<\/u> transfert priv\u00e9 de et vers l&rsquo;a\u00e9roport de Cuneo &#8211; logement dans un h\u00f4tel 3* en chambre double avec demi-pension &#8211; guide pour la visite guid\u00e9e de Cuneo &#8211; guide naturaliste pour le samedi et le dimanche &#8211; utilisation de v\u00e9hicules 4\u00d74 selon le programme avec guide naturaliste \u00e0 bord &#8211; droits d&rsquo;entr\u00e9e l\u00e0 o\u00f9 ils sont applicables &#8211; assurance m\u00e9dicale + assurance bagages &#8211; assistance de ns\/personnel pour toute la p\u00e9riode.<\/p>\n<p style=\"text-align: justify\"><u>Le prix ne comprend pas : les<\/u> d\u00e9jeuners &#8211; les boissons &#8211; les pourboires &#8211; les extras personnels &#8211; les taxes touristiques le cas \u00e9ch\u00e9ant &#8211; tout ce qui n&rsquo;est pas indiqu\u00e9 dans \u00ab\u00a0le prix comprend\u00a0\u00bb.<\/p>\n<h5 style=\"text-align: justify\"><strong>3 &#8211; LES DOLOMITES DES ALPES OUEST &#8211; <\/strong><strong>Vall\u00e9e de Maira<\/strong><\/h5>\n<p style=\"text-align: justify\"><strong><em> 1er jour \/ jeudi<\/em><\/strong><\/p>\n<p style=\"text-align: justify\">Arriv\u00e9e \u00e0 l&rsquo;a\u00e9roport de Cuneo et transfert \u00e0 la ville de Cuneo. Temps libre pour le d\u00e9jeuner et dans l&rsquo;apr\u00e8s-midi, rencontre avec le guide pour une visite de la ville, une ville typiquement savoyarde, \u00e9l\u00e9gante et tr\u00e8s agr\u00e9able \u00e9galement sur le plan gastronomique. En partant de la Piazza Galimberti, l&rsquo;une des plus grandes d&rsquo;Italie, nous nous dirigeons vers la Via Roma, enti\u00e8rement vo\u00fbt\u00e9e et v\u00e9ritable joyau gr\u00e2ce \u00e0 ses splendides palais et ses rues secondaires o\u00f9 se trouve le complexe monumental de San Francesco datant du 13\u00e8me si\u00e8cle et la Tour Civique construite sur ordre de Roberto d&rsquo;Angi\u00f2 en 1317. Ensuite, transfert dans la vall\u00e9e pour le d\u00eener et la nuit.<\/p>\n<p style=\"text-align: justify\"><em><strong>Jour 2 \/ vendredi<\/strong><\/em><\/p>\n<p style=\"text-align: justify\">Petit-d\u00e9jeuner \u00e0 l&rsquo;h\u00f4tel et randonn\u00e9e d&rsquo;une demi-journ\u00e9e sur le sentier des cyclamens (d\u00e9nivel\u00e9 350 m) o\u00f9 vous emprunterez un chemin parsem\u00e9 de cyclamens pour rejoindre plusieurs villages de la vall\u00e9e de Maira. D\u00e9jeuner gratuit. L&rsquo;apr\u00e8s-midi, visite du village d&rsquo;Acceglio avec ses demeures historiques bien conserv\u00e9es et petite excursion \u00e0 la chapelle du Lausetto, \u00e0 1990 m\u00e8tres d&rsquo;altitude, accroch\u00e9e au ciel et au silence, entour\u00e9e de verdure et de solitude. Retour \u00e0 l&rsquo;h\u00f4tel en fin d&rsquo;apr\u00e8s-midi pour le d\u00eener et la nuit.<\/p>\n<p style=\"text-align: justify\"><em><strong>3\u00e8me jour \/ samedi<\/strong><\/em><\/p>\n<p style=\"text-align: justify\">Apr\u00e8s le petit-d\u00e9jeuner, randonn\u00e9e d&rsquo;une journ\u00e9e sur le sentier Piergiorgio Frassati, l&rsquo;un des plus beaux de la vall\u00e9e de Maira avec ses for\u00eats de m\u00e9l\u00e8zes, ses petits lacs, ses sommets et ses paysages \u00e0 couper le souffle (d\u00e9nivel\u00e9 de 900 m). Retour \u00e0 l&rsquo;h\u00f4tel en fin d&rsquo;apr\u00e8s-midi pour le d\u00eener et la nuit.<\/p>\n<p style=\"text-align: justify\"><em><strong>Jour 4 \/ Dimanche<\/strong><\/em><\/p>\n<p style=\"text-align: justify\">Petit-d\u00e9jeuner \u00e0 l&rsquo;h\u00f4tel et transfert \u00e0 l&rsquo;a\u00e9roport de Cuneo \u00e0 temps pour le vol de retour.<\/p>\n<p style=\"text-align: justify\"><strong>FRAIS DE PARTICIPATION INDIVIDUELLE (min. 2 pax) : \u20ac 760.00<\/strong><\/p>\n<p style=\"text-align: justify\"><strong>Suppl\u00e9ment pour chambre individuelle : 100,00 \u20ac.<\/strong><\/p>\n<p style=\"text-align: justify\"><strong>Suppl\u00e9ment pour la politique d&rsquo;annulation 5% du co\u00fbt du voyage<\/strong><\/p>\n<p style=\"text-align: justify\"><u>Les frais comprennent :<\/u> transfert priv\u00e9 de et vers l&rsquo;a\u00e9roport de Cuneo &#8211; logement dans un h\u00f4tel 3* en chambre double avec demi-pension &#8211; guide pour la visite guid\u00e9e de Cuneo &#8211; guide nature pour le vendredi et le samedi &#8211; droits d&rsquo;entr\u00e9e l\u00e0 o\u00f9 ils sont applicables &#8211; assurance m\u00e9dicale + assurance bagages &#8211; assistance de ns\/personnel pour toute la p\u00e9riode.<\/p>\n<p style=\"text-align: justify\"><u>Le prix ne comprend pas : les<\/u> d\u00e9jeuners &#8211; les boissons &#8211; les pourboires &#8211; les extras personnels &#8211; les taxes touristiques le cas \u00e9ch\u00e9ant &#8211; tout ce qui n&rsquo;est pas indiqu\u00e9 dans \u00ab\u00a0le prix comprend\u00a0\u00bb.<\/p>\n<h5 style=\"text-align: justify\"><strong>4 &#8211; DOLOMITES DES ALPES OCCIDENTALES<\/strong><strong> Vall\u00e9e de Maira<\/strong><\/h5>\n<p style=\"text-align: justify\"><strong><em> Jour 1 \/Vendredi<\/em><\/strong><\/p>\n<p style=\"text-align: justify\">Arriv\u00e9e \u00e0 l&rsquo;a\u00e9roport de Cuneo et transfert dans la vall\u00e9e pour le d\u00eener et la nuit.<\/p>\n<p style=\"text-align: justify\"><em><strong>2\u00e8me jour \/ samedi<\/strong><\/em><\/p>\n<p style=\"text-align: justify\">Petit-d\u00e9jeuner \u00e0 l&rsquo;h\u00f4tel et randonn\u00e9e d&rsquo;une demi-journ\u00e9e sur le sentier des cyclamens (d\u00e9nivel\u00e9 350 m) o\u00f9 vous emprunterez un chemin parsem\u00e9 de cyclamens pour rejoindre plusieurs villages de la vall\u00e9e de Maira. D\u00e9jeuner gratuit. L&rsquo;apr\u00e8s-midi, visite du village d&rsquo;Acceglio avec ses demeures historiques bien conserv\u00e9es et petite excursion \u00e0 la chapelle du Lausetto, \u00e0 1990 m\u00e8tres d&rsquo;altitude, accroch\u00e9e au ciel et au silence, entour\u00e9e de verdure et de solitude. Retour \u00e0 l&rsquo;h\u00f4tel en fin d&rsquo;apr\u00e8s-midi pour le d\u00eener et la nuit.<\/p>\n<p style=\"text-align: justify\"><strong><em>Jour 3 \/ Dimanche<\/em><\/strong><\/p>\n<p style=\"text-align: justify\">Apr\u00e8s le petit-d\u00e9jeuner, randonn\u00e9e d&rsquo;une journ\u00e9e sur le sentier Piergiorgio Frassati, l&rsquo;un des plus beaux de la vall\u00e9e de Maira avec ses for\u00eats de m\u00e9l\u00e8zes, ses petits lacs, ses sommets et ses paysages \u00e0 couper le souffle (d\u00e9nivel\u00e9 de 900 m). Retour \u00e0 l&rsquo;h\u00f4tel en fin d&rsquo;apr\u00e8s-midi pour le d\u00eener et la nuit.<\/p>\n<p style=\"text-align: justify\"><em><strong>Jour 4 \/ Lundi<\/strong><\/em><\/p>\n<p style=\"text-align: justify\">Petit-d\u00e9jeuner \u00e0 l&rsquo;h\u00f4tel et transfert vers la ville de Cuneo, rencontre avec le guide pour une visite de la ville, une ville typiquement savoyarde, \u00e9l\u00e9gante et tr\u00e8s agr\u00e9able \u00e9galement sur le plan gastronomique. En partant de la Piazza Galimberti, l&rsquo;une des plus grandes d&rsquo;Italie, nous nous dirigeons vers la Via Roma, enti\u00e8rement vo\u00fbt\u00e9e et v\u00e9ritable joyau gr\u00e2ce \u00e0 ses splendides palais et ses rues secondaires o\u00f9 se trouve le complexe monumental de San Francesco datant du 13\u00e8me si\u00e8cle et la Tour Civique construite sur ordre de Roberto d&rsquo;Angi\u00f2 en 1317. Petit temps libre pour le d\u00e9jeuner et transfert \u00e0 l&rsquo;a\u00e9roport de Cuneo \u00e0 temps pour le vol de retour.<\/p>\n<p style=\"text-align: justify\"><strong>FRAIS DE PARTICIPATION INDIVIDUELLE (min. 2 pax) : \u20ac 760.00<\/strong><\/p>\n<p style=\"text-align: justify\"><strong>Suppl\u00e9ment pour chambre individuelle : 100,00 \u20ac.<\/strong><\/p>\n<p style=\"text-align: justify\"><strong>Suppl\u00e9ment pour la politique d&rsquo;annulation 5% du co\u00fbt du voyage<\/strong><\/p>\n<p style=\"text-align: justify\"><u>Les frais comprennent :<\/u> transfert priv\u00e9 de et vers l&rsquo;a\u00e9roport de Cuneo &#8211; logement dans un h\u00f4tel 3* en chambre double avec demi-pension &#8211; guide pour la visite guid\u00e9e de Cuneo &#8211; guide nature pour le samedi et le dimanche &#8211; droits d&rsquo;entr\u00e9e l\u00e0 o\u00f9 ils sont applicables &#8211; assurance m\u00e9dicale + assurance bagages &#8211; assistance de ns\/personnel pour toute la p\u00e9riode.<\/p>\n<p style=\"text-align: justify\"><u>Le prix ne comprend pas : les<\/u> d\u00e9jeuners &#8211; les boissons &#8211; les pourboires &#8211; les extras personnels &#8211; les taxes touristiques le cas \u00e9ch\u00e9ant &#8211; tout ce qui n&rsquo;est pas indiqu\u00e9 dans \u00ab\u00a0le prix comprend\u00a0\u00bb.<\/p>\n<h5 style=\"text-align: justify\"><strong>5 &#8211; LES DOLOMITES DES ALPES OCCIDENTALES <\/strong><strong>Vall\u00e9e de Maira<\/strong><\/h5>\n<p style=\"text-align: justify\"><strong><em> 1er jour \/ jeudi<\/em><\/strong><\/p>\n<p style=\"text-align: justify\">Arriv\u00e9e \u00e0 l&rsquo;a\u00e9roport de Cuneo et transfert \u00e0 Celle Macra pour la visite du mus\u00e9e de l&rsquo;anchois, install\u00e9 \u00e0 l&rsquo;int\u00e9rieur de l&rsquo;ancienne chapelle de San Rocco, il raconte l&rsquo;histoire des anciens m\u00e9tiers itin\u00e9rants r\u00e9pandus dans les Alpes, en particulier celui des anchois. Dans ce mus\u00e9e, nous apprenons comment l&rsquo;ingr\u00e9dient du plat le plus c\u00e9l\u00e8bre de la r\u00e9gion, la bagna cauda, est arriv\u00e9 dans les montagnes. H\u00e9bergement dans un h\u00f4tel, d\u00eener et nuit\u00e9e.<\/p>\n<p style=\"text-align: justify\"><strong><em>Jour 2 \/ vendredi<\/em><\/strong><\/p>\n<p style=\"text-align: justify\">Petit-d\u00e9jeuner \u00e0 l&rsquo;h\u00f4tel puis d\u00e9part pour une excursion d&rsquo;une journ\u00e9e compl\u00e8te avec une visite du Provenzale, une cha\u00eene de montagnes qui s&rsquo;\u00e9l\u00e8ve de mani\u00e8re imposante derri\u00e8re Chiappera (d\u00e9nivel\u00e9 de 700 m\u00e8tres). La Rocca Provenzale doit son nom \u00e0 un pr\u00eatre de la paroisse qui l&rsquo;a escalad\u00e9e pour la premi\u00e8re fois pour accomplir un v\u0153u au milieu des ann\u00e9es 1800. Le long du parcours, il n&rsquo;est pas difficile de trouver des bouquetins pour accueillir les randonneurs, sans oublier le merveilleux point de vue sur les cascades de Stroppia, les plus hautes d&rsquo;Italie. Retour \u00e0 l&rsquo;h\u00f4tel pour le d\u00eener et la nuit.<\/p>\n<p style=\"text-align: justify\"><strong><em>3\u00e8me jour \/ samedi<\/em><\/strong><\/p>\n<p style=\"text-align: justify\">Apr\u00e8s le petit-d\u00e9jeuner, excursion d&rsquo;une demi-journ\u00e9e en 4\u00d74 de Chiappera \u00e0 la Grange del Collet \u00e0 2006 m\u00e8tres, puis \u00e0 pied (d\u00e9nivel\u00e9 550 m\u00e8tres), en passant par des points de vue uniques et plusieurs petits lacs.<\/p>\n<p style=\"text-align: justify\">Retournez-y pour un d\u00e9jeuner gratuit.<\/p>\n<p style=\"text-align: justify\">L&rsquo;apr\u00e8s-midi, excursion dans la r\u00e9serve naturelle des \u00ab\u00a0Ciciu del Villar\u00a0\u00bb, colonnes d&rsquo;\u00e9rosion en forme de champignon appel\u00e9es ciciu, qui en dialecte pi\u00e9montais signifie marionnette, probablement form\u00e9es pendant la derni\u00e8re p\u00e9riode glaciaire. Retour \u00e0 l&rsquo;h\u00f4tel pour le d\u00eener et la nuit.<\/p>\n<p style=\"text-align: justify\"><em><strong>Jour 4 \/ Dimanche<\/strong><\/em><\/p>\n<p style=\"text-align: justify\">Petit-d\u00e9jeuner \u00e0 l&rsquo;h\u00f4tel et transfert \u00e0 l&rsquo;a\u00e9roport de Cuneo \u00e0 temps pour votre vol de retour.<\/p>\n<p style=\"text-align: justify\"><strong>FRAIS DE PARTICIPATION INDIVIDUELLE (min. 2 pax) : \u20ac 770.00<\/strong><\/p>\n<p style=\"text-align: justify\"><strong>Suppl\u00e9ment pour chambre individuelle : \u20ac 100.00<\/strong><\/p>\n<p style=\"text-align: justify\"><strong>Suppl\u00e9ment pour la politique d&rsquo;annulation 5% du co\u00fbt du voyage<\/strong><\/p>\n<p style=\"text-align: justify\"><u>Les frais comprennent :<\/u> transfert priv\u00e9 de et vers l&rsquo;a\u00e9roport de Cuneo &#8211; logement dans un h\u00f4tel 3* en chambre double avec demi-pension &#8211; guide et guide naturaliste pour toute la p\u00e9riode &#8211; droits d&rsquo;entr\u00e9e le cas \u00e9ch\u00e9ant &#8211; utilisation de v\u00e9hicules 4\u00d74 le cas \u00e9ch\u00e9ant avec guide naturaliste \u00e0 bord &#8211; assurance m\u00e9dicale + assurance bagages &#8211; assistance des ns\/personnel pour toute la p\u00e9riode.<\/p>\n<p style=\"text-align: justify\"><u>Le prix ne comprend pas : les<\/u> d\u00e9jeuners &#8211; les boissons &#8211; les pourboires &#8211; les extras personnels &#8211; les taxes touristiques le cas \u00e9ch\u00e9ant &#8211; tout ce qui n&rsquo;est pas indiqu\u00e9 dans \u00ab\u00a0le prix comprend\u00a0\u00bb.<\/p>\n<p style=\"text-align: justify\"><strong> <\/strong><\/p>\n<h5 style=\"text-align: justify\"><strong> <\/strong><strong>6 &#8211; LES DOLOMITES DES ALPES OCCIDENTALES <\/strong><strong>Vall\u00e9e de Maira<\/strong><\/h5>\n<p style=\"text-align: justify\"><strong><em>1er jour \/ vendredi<\/em><\/strong><\/p>\n<p style=\"text-align: justify\">Arriv\u00e9e \u00e0 l&rsquo;a\u00e9roport de Cuneo et transfert vers la vall\u00e9e ; d\u00eener et nuit.<\/p>\n<p style=\"text-align: justify\"><strong><em>2\u00e8me jour \/ samedi<\/em><\/strong><\/p>\n<p style=\"text-align: justify\">Petit-d\u00e9jeuner \u00e0 l&rsquo;h\u00f4tel puis d\u00e9part pour une excursion d&rsquo;une journ\u00e9e compl\u00e8te avec une visite du Provenzale, une cha\u00eene de montagnes qui s&rsquo;\u00e9l\u00e8ve de mani\u00e8re imposante derri\u00e8re Chiappera (d\u00e9nivel\u00e9 de 700 m\u00e8tres). La Rocca Provenzale doit son nom \u00e0 un pr\u00eatre de la paroisse qui l&rsquo;a escalad\u00e9e pour la premi\u00e8re fois pour accomplir un v\u0153u au milieu des ann\u00e9es 1800. Le long du parcours, il n&rsquo;est pas difficile de trouver des bouquetins pour accueillir les randonneurs, sans oublier le merveilleux point de vue sur les cascades de Stroppia, les plus hautes d&rsquo;Italie. Retour \u00e0 l&rsquo;h\u00f4tel pour le d\u00eener et la nuit.<\/p>\n<p style=\"text-align: justify\"><strong><em>Jour 3 \/ Dimanche<\/em><\/strong><\/p>\n<p style=\"text-align: justify\">Apr\u00e8s le petit-d\u00e9jeuner, excursion d&rsquo;une demi-journ\u00e9e en 4\u00d74 de Chiappera \u00e0 la Grange del Collet \u00e0 2006 m\u00e8tres, puis \u00e0 pied (d\u00e9nivel\u00e9 550 m\u00e8tres), en passant par des points de vue uniques et plusieurs petits lacs.<\/p>\n<p style=\"text-align: justify\">Retournez-y pour un d\u00e9jeuner gratuit.<\/p>\n<p style=\"text-align: justify\">L&rsquo;apr\u00e8s-midi, excursion dans la r\u00e9serve naturelle des \u00ab\u00a0Ciciu del Villar\u00a0\u00bb, colonnes d&rsquo;\u00e9rosion en forme de champignon appel\u00e9es ciciu, qui en dialecte pi\u00e9montais signifie marionnette, probablement form\u00e9es pendant la derni\u00e8re p\u00e9riode glaciaire. Retour \u00e0 l&rsquo;h\u00f4tel pour le d\u00eener et la nuit.<\/p>\n<p style=\"text-align: justify\"><strong><em>Jour 4 \/ Lundi<\/em><\/strong><\/p>\n<p style=\"text-align: justify\">Petit-d\u00e9jeuner \u00e0 l&rsquo;h\u00f4tel et transfert \u00e0 Celle Macra pour la visite du Museo degli Acciugai (mus\u00e9e des artisans de l&rsquo;anchois), install\u00e9 \u00e0 l&rsquo;int\u00e9rieur de l&rsquo;ancienne chapelle San Rocco, qui raconte l&rsquo;histoire des anciens m\u00e9tiers itin\u00e9rants r\u00e9pandus dans les Alpes, en particulier la fabrication de l&rsquo;anchois. Dans ce mus\u00e9e, nous d\u00e9couvrons comment l&rsquo;ingr\u00e9dient du plat le plus c\u00e9l\u00e8bre de la r\u00e9gion, la bagna cauda, est arriv\u00e9 dans les montagnes. Puis transfert \u00e0 l&rsquo;a\u00e9roport de Cuneo \u00e0 temps pour le vol de retour.<\/p>\n<p style=\"text-align: justify\"><strong> <\/strong><\/p>\n<p style=\"text-align: justify\"><strong>FRAIS DE PARTICIPATION INDIVIDUELLE (min. 2 pax) : \u20ac 770.00<\/strong><\/p>\n<p style=\"text-align: justify\"><strong>Suppl\u00e9ment pour chambre individuelle : \u20ac 100.00<\/strong><\/p>\n<p style=\"text-align: justify\"><strong>Suppl\u00e9ment pour la politique d&rsquo;annulation 5% du co\u00fbt du voyage<\/strong><\/p>\n<p style=\"text-align: justify\"><u>Les frais comprennent :<\/u> transfert priv\u00e9 de et vers l&rsquo;a\u00e9roport de Cuneo &#8211; logement dans un h\u00f4tel 3* en chambre double avec demi-pension &#8211; guide et guide naturaliste pour toute la p\u00e9riode &#8211; droits d&rsquo;entr\u00e9e le cas \u00e9ch\u00e9ant &#8211; utilisation de v\u00e9hicules 4\u00d74 le cas \u00e9ch\u00e9ant avec guide naturaliste \u00e0 bord &#8211; assurance m\u00e9dicale + assurance bagages &#8211; assistance des ns\/personnel pour toute la p\u00e9riode.<\/p>\n<p style=\"text-align: justify\"><u>Le prix ne comprend pas : les<\/u> d\u00e9jeuners &#8211; les boissons &#8211; les pourboires &#8211; les extras personnels &#8211; les taxes touristiques le cas \u00e9ch\u00e9ant &#8211; tout ce qui n&rsquo;est pas indiqu\u00e9 dans \u00ab\u00a0le prix comprend\u00a0\u00bb.<\/p>\n<p style=\"text-align: justify\"><a href=\"https:\/\/www.tortugaviaggi.it\/\" target=\"_blank\" rel=\"noopener\">TORTUGA VIAGGI<\/a> Fossano 0172636112<\/p>\n<p style=\"text-align: justify\">Nicoletta 3396712758 &#8211; e-mail : <a href=\"mailto:info@tortugaviaggi.it\">info@tortugaviaggi.it<\/a><\/p>\n<p style=\"text-align: justify\"><a href=\"https:\/\/www.lookingaround.it\/\" target=\"_blank\" rel=\"noopener\">Regarder autour de soi<\/a> &#8211; Luca Giraudo<\/p>\n<p style=\"text-align: justify\">Whatsapp 333 6678359 &#8211; e-mail : <a href=\"mailto:lucagira64@gmail.com\">lucagira64@gmail.com<\/a><\/p>\n<\/div>\n<p>[\/et_pb_text][\/et_pb_column][\/et_pb_row][\/et_pb_section]<\/p>\n","protected":false},"excerpt":{"rendered":"<p>Tortuga Viaggi et Looking Around pr\u00e9sentent des forfaits touristiques pour visiter la r\u00e9gion de Cuneo pour les passagers arrivant de Rome le jeudi ou le vendredi. A &#8211; HISTOIRE ET PREHISTOIRE DES ALPES &#8211; Vermenagna et vall\u00e9e de la Roya Jour 1 \/Jeudi Arriv\u00e9e \u00e0 l&rsquo;a\u00e9roport de Cuneo et transfert \u00e0 la ville de Cuneo. [&hellip;]<\/p>\n","protected":false},"author":3,"featured_media":10860,"comment_status":"closed","ping_status":"open","sticky":false,"template":"","format":"standard","meta":{"_acf_changed":false,"_et_pb_use_builder":"on","_et_pb_old_content":"","_et_gb_content_width":"","footnotes":""},"categories":[39,50,91],"tags":[],"class_list":["post-11102","post","type-post","status-publish","format-standard","has-post-thumbnail","hentry","category-news","category-non-classifiee","category-rubrica-di-viaggio"],"acf":[],"_links":{"self":[{"href":"https:\/\/cuneoairport.com\/fr\/wp-json\/wp\/v2\/posts\/11102","targetHints":{"allow":["GET"]}}],"collection":[{"href":"https:\/\/cuneoairport.com\/fr\/wp-json\/wp\/v2\/posts"}],"about":[{"href":"https:\/\/cuneoairport.com\/fr\/wp-json\/wp\/v2\/types\/post"}],"author":[{"embeddable":true,"href":"https:\/\/cuneoairport.com\/fr\/wp-json\/wp\/v2\/users\/3"}],"replies":[{"embeddable":true,"href":"https:\/\/cuneoairport.com\/fr\/wp-json\/wp\/v2\/comments?post=11102"}],"version-history":[{"count":0,"href":"https:\/\/cuneoairport.com\/fr\/wp-json\/wp\/v2\/posts\/11102\/revisions"}],"wp:featuredmedia":[{"embeddable":true,"href":"https:\/\/cuneoairport.com\/fr\/wp-json\/wp\/v2\/media\/10860"}],"wp:attachment":[{"href":"https:\/\/cuneoairport.com\/fr\/wp-json\/wp\/v2\/media?parent=11102"}],"wp:term":[{"taxonomy":"category","embeddable":true,"href":"https:\/\/cuneoairport.com\/fr\/wp-json\/wp\/v2\/categories?post=11102"},{"taxonomy":"post_tag","embeddable":true,"href":"https:\/\/cuneoairport.com\/fr\/wp-json\/wp\/v2\/tags?post=11102"}],"curies":[{"name":"wp","href":"https:\/\/api.w.org\/{rel}","templated":true}]}}