{"id":11068,"date":"2022-08-05T15:30:55","date_gmt":"2022-08-05T13:30:55","guid":{"rendered":"https:\/\/cuneoairport.com\/le-21-juin-la-musique-sera-a-lhonneur-dans-les-aeroports-italiens\/"},"modified":"2022-08-05T15:30:55","modified_gmt":"2022-08-05T13:30:55","slug":"le-21-juin-la-musique-sera-a-lhonneur-dans-les-aeroports-italiens","status":"publish","type":"post","link":"https:\/\/cuneoairport.com\/fr\/le-21-juin-la-musique-sera-a-lhonneur-dans-les-aeroports-italiens\/","title":{"rendered":"Le 21 juin, la musique sera \u00e0 l&rsquo;honneur dans les a\u00e9roports italiens."},"content":{"rendered":"<h2><strong>Le 21 juin, la musique sera \u00e0 l&rsquo;honneur dans les a\u00e9roports italiens :<\/strong><\/h2>\n<h4>L&rsquo;ENAC, ASSAEROPORTI et les op\u00e9rateurs a\u00e9roportuaires se joignent \u00e0 la f\u00eate de la musique 2022<\/h4>\n<p><em>\u00c9v\u00e9nements, concerts et initiatives dans de nombreux a\u00e9roports<\/em><\/p>\n<p>Le festival de musique 2022 se concentre cette ann\u00e9e sur le th\u00e8me \u00ab\u00a0Recovery Sound &amp; Green Music Economy\u00a0\u00bb. L&rsquo;\u00e9dition de cette ann\u00e9e est particuli\u00e8rement importante pour tous les a\u00e9roports : elle repr\u00e9sente un moment symbolique de red\u00e9marrage pour un secteur qui a \u00e9t\u00e9 parmi les plus durement touch\u00e9s par la crise d\u00e9clench\u00e9e par la pand\u00e9mie, qui a entra\u00een\u00e9 une chute sans pr\u00e9c\u00e9dent des chiffres du trafic passagers. Plus que jamais cette ann\u00e9e, cet \u00e9v\u00e9nement rev\u00eat une signification profonde d&rsquo;unit\u00e9, de r\u00e9sistance et de nouveau d\u00e9part. Pour cette raison, l&rsquo;a\u00e9roport CUF de Cuneo a \u00e9galement choisi de rejoindre sept autres a\u00e9roports italiens qui, le 21 juin, accueilleront des \u00e9v\u00e9nements, des initiatives et des spectacles musicaux destin\u00e9s \u00e0 la fois aux passagers et \u00e0 la grande communaut\u00e9 des travailleurs de l&rsquo;a\u00e9roport.<\/p>\n<p>Un festival qui devient un pont unissant les passagers, les travailleurs de l&rsquo;a\u00e9roport, les artistes et les musiciens sous la banni\u00e8re de la musique, de l&rsquo;art et de la culture\u00a0\u00bb.<\/p>\n<p>L&rsquo;a\u00e9roport de Cuneo, \u00e0 l&rsquo;occasion de la Festa della Musica 2022, accueillera un concert donn\u00e9 par les musiciens de l&rsquo;Associazione Incontri d&rsquo;Autore de Cuneo.<\/p>\n<p>&nbsp;<\/p>\n<p><strong>Programme :<\/strong><\/p>\n<p>Nicol\u00f2 Bertano <em>guitare<\/em><\/p>\n<p>Milena Punzi Anfossi <em>violoncelle<\/em><\/p>\n<p>&nbsp;<\/p>\n<p><strong>Elle sera suivie d&rsquo;un ap\u00e9ritif en musique pour la communaut\u00e9 a\u00e9roportuaire et le grand public.<\/strong><\/p>\n<p>&nbsp;<\/p>\n<p><a href=\"https:\/\/cuneoairport.com\/wp-content\/uploads\/2022\/06\/FDM_CS_ENAC-ASSAEROPORTI_Programmi-Aeroporti_2022.pdf\">CS ENAC-ASSAEROPORTI_Programmes A\u00e9roports_2022<\/a><\/p>\n","protected":false},"excerpt":{"rendered":"<p>Le 21 juin, la musique sera \u00e0 l&rsquo;honneur dans les a\u00e9roports italiens : L&rsquo;ENAC, ASSAEROPORTI et les op\u00e9rateurs a\u00e9roportuaires se joignent \u00e0 la f\u00eate de la musique 2022 \u00c9v\u00e9nements, concerts et initiatives dans de nombreux a\u00e9roports Le festival de musique 2022 se concentre cette ann\u00e9e sur le th\u00e8me \u00ab\u00a0Recovery Sound &amp; Green Music Economy\u00a0\u00bb. L&rsquo;\u00e9dition [&hellip;]<\/p>\n","protected":false},"author":3,"featured_media":11847,"comment_status":"closed","ping_status":"open","sticky":false,"template":"","format":"standard","meta":{"_acf_changed":false,"_et_pb_use_builder":"","_et_pb_old_content":"","_et_gb_content_width":"","footnotes":""},"categories":[39,50],"tags":[],"class_list":["post-11068","post","type-post","status-publish","format-standard","has-post-thumbnail","hentry","category-news","category-non-classifiee"],"acf":[],"_links":{"self":[{"href":"https:\/\/cuneoairport.com\/fr\/wp-json\/wp\/v2\/posts\/11068","targetHints":{"allow":["GET"]}}],"collection":[{"href":"https:\/\/cuneoairport.com\/fr\/wp-json\/wp\/v2\/posts"}],"about":[{"href":"https:\/\/cuneoairport.com\/fr\/wp-json\/wp\/v2\/types\/post"}],"author":[{"embeddable":true,"href":"https:\/\/cuneoairport.com\/fr\/wp-json\/wp\/v2\/users\/3"}],"replies":[{"embeddable":true,"href":"https:\/\/cuneoairport.com\/fr\/wp-json\/wp\/v2\/comments?post=11068"}],"version-history":[{"count":0,"href":"https:\/\/cuneoairport.com\/fr\/wp-json\/wp\/v2\/posts\/11068\/revisions"}],"wp:featuredmedia":[{"embeddable":true,"href":"https:\/\/cuneoairport.com\/fr\/wp-json\/wp\/v2\/media\/11847"}],"wp:attachment":[{"href":"https:\/\/cuneoairport.com\/fr\/wp-json\/wp\/v2\/media?parent=11068"}],"wp:term":[{"taxonomy":"category","embeddable":true,"href":"https:\/\/cuneoairport.com\/fr\/wp-json\/wp\/v2\/categories?post=11068"},{"taxonomy":"post_tag","embeddable":true,"href":"https:\/\/cuneoairport.com\/fr\/wp-json\/wp\/v2\/tags?post=11068"}],"curies":[{"name":"wp","href":"https:\/\/api.w.org\/{rel}","templated":true}]}}