{"id":10849,"date":"2022-08-03T16:57:30","date_gmt":"2022-08-03T14:57:30","guid":{"rendered":"https:\/\/cuneoairport.com\/desormais-laeroport-est-encore-plus-connecte\/"},"modified":"2022-08-05T14:34:22","modified_gmt":"2022-08-05T12:34:22","slug":"desormais-laeroport-est-encore-plus-connecte","status":"publish","type":"post","link":"https:\/\/cuneoairport.com\/fr\/desormais-laeroport-est-encore-plus-connecte\/","title":{"rendered":"D\u00e9sormais, l&rsquo;a\u00e9roport est encore plus connect\u00e9 !"},"content":{"rendered":"<p>[et_pb_section fb_built=\u00a0\u00bb1&Prime; admin_label=\u00a0\u00bbsection\u00a0\u00bb _builder_version=\u00a0\u00bb3.22&Prime; global_colors_info=\u00a0\u00bb{}\u00a0\u00bb][et_pb_row admin_label=\u00a0\u00bbligne\u00a0\u00bb _builder_version=\u00a0\u00bb4.14.3&Prime; background_size=\u00a0\u00bbinitial\u00a0\u00bb background_position=\u00a0\u00bbtop_left\u00a0\u00bb background_repeat=\u00a0\u00bbrepeat\u00a0\u00bb width=\u00a0\u00bb100%\u00a0\u00bb custom_padding=\u00a0\u00bb4px|||||\u00a0\u00bb global_colors_info=\u00a0\u00bb{}\u00a0\u00bb][et_pb_column type=\u00a0\u00bb4_4&Prime; _builder_version=\u00a0\u00bb3.25&Prime; custom_padding=\u00a0\u00bb|||\u00a0\u00bb global_colors_info=\u00a0\u00bb{}\u00a0\u00bb custom_padding__hover=\u00a0\u00bb|||\u00a0\u00bb][et_pb_text admin_label=\u00a0\u00bbText\u00a0\u00bb _builder_version=\u00a0\u00bb4.14.3&Prime; background_size=\u00a0\u00bbinitial\u00a0\u00bb background_position=\u00a0\u00bbtop_left\u00a0\u00bb background_repeat=\u00a0\u00bbrepeat\u00a0\u00bb global_colors_info=\u00a0\u00bb{}\u00a0\u00bb]<\/p>\n<h1 style=\"text-align: center;\"><span style=\"font-size: x-large;\"><span style=\"color: #595959;\"><span style=\"color: #000000;\">Le service <\/span> <span style=\"color: #00a3a2;\"><a href=\"https:\/\/moeves.it\/\" target=\"_blank\" rel=\"noopener\" style=\"color: #00a3a2;\">Moeves.it<\/a><\/span><\/span><span style=\"color: #000000;\">est actif, qui relie l&rsquo;a\u00e9roport \u00e0 :<\/span><\/span><\/h1>\n<h1 style=\"text-align: center;\"><span style=\"font-size: x-large;\"><span style=\"color: #595959;\"><span style=\"color: #eda200;\">Cuneo<span style=\"color: #000000;\">,<\/span> Fossano<span style=\"color: #000000;\">,<\/span> Savigliano<span style=\"color: #000000;\">,<\/span> Saluzzo<\/span><\/span><span style=\"color: #595959;\"><span style=\"color: #eda200;\"> <span style=\"color: #000000;\">et<\/span> Mondov\u00ec<\/span><\/span><\/span><\/h1>\n<h2 style=\"text-align: center;\"><span style=\"color: #595959; font-size: x-large;\"><span style=\"color: #eda200;\"><\/span><\/span><\/h2>\n<h2 style=\"text-align: center;\"><span style=\"font-size: x-large;\"><span style=\"color: #595959;\"><span style=\"color: #000000;\">Bient\u00f4t aussi<\/span> <span style=\"color: #eda200;\">Bra <span style=\"color: #000000;\">et<\/span><\/span><\/span><span style=\"color: #595959;\"><span style=\"color: #eda200;\"> Alba ! !!<\/span><\/span><\/span><\/h2>\n<p style=\"text-align: center;\"><span style=\"color: #595959; font-size: x-large;\"><\/span><\/p>\n<p style=\"text-align: center;\"><span style=\"color: #595959; font-size: x-large;\"><\/span><\/p>\n<h2 style=\"text-align: center;\"><span style=\"color: #000000; font-size: x-large;\">R\u00e9servations obligatoires, correspondances aux vols.<\/span><\/h2>\n<p>[\/et_pb_text][et_pb_image src=\u00a0\u00bbhttps:\/\/cuneoairport.com\/wp-content\/uploads\/2022\/04\/bannerino.jpg\u00a0\u00bb title_text=\u00a0\u00bbbanni\u00e8re\u00a0\u00bb _builder_version=\u00a0\u00bb4.14.3&Prime; _module_preset=\u00a0\u00bbdefault\u00a0\u00bb global_colors_info=\u00a0\u00bb{}\u00a0\u00bb][\/et_pb_image][et_pb_text admin_label=\u00a0\u00bbText\u00a0\u00bb _builder_version=\u00a0\u00bb4.14.3&Prime; background_size=\u00a0\u00bbinitial\u00a0\u00bb background_position=\u00a0\u00bbtop_left\u00a0\u00bb background_repeat=\u00a0\u00bbrepeat\u00a0\u00bb custom_padding=\u00a0\u00bb||10px|||\u00a0\u00bb global_colors_info=\u00a0\u00bb{}\u00a0\u00bb]<\/p>\n<p>&nbsp;<\/p>\n<p><span style=\"font-size: large;\"><strong>R\u00e9servations :<\/strong><\/span><\/p>\n<p><span style=\"font-size: large;\">-sur le site de <strong><a href=\"http:\/\/www.moeves.it\/\" target=\"_blank\" rel=\"noopener\">Moeves.it<\/a><\/strong> <\/span><\/p>\n<p><span style=\"font-size: large;\">-en envoyant un e-mail \u00e0 <a href=\"mailto:info@moeves.it\">info@moeves.it <\/a> <\/span><\/p>\n<p><span style=\"font-size: large;\">-en appelant le num\u00e9ro de t\u00e9l\u00e9phone fixe <strong>0175 47 88 16<\/strong><em> (le service d&rsquo;appel est disponible du lundi au vendredi de 8 h 30 \u00e0 12 h 30 et de 14 h 30 \u00e0 16 h 30)<\/em>.<\/span><br \/><span><\/span><\/p>\n<p>[\/et_pb_text][\/et_pb_column][\/et_pb_row][\/et_pb_section]<\/p>\n","protected":false},"excerpt":{"rendered":"<p>Le service Moeves.itest actif, qui relie l&rsquo;a\u00e9roport \u00e0 : Cuneo, Fossano, Savigliano, Saluzzo et Mondov\u00ec Bient\u00f4t aussi Bra et Alba ! !! R\u00e9servations obligatoires, correspondances aux vols.&nbsp; R\u00e9servations : -sur le site de Moeves.it -en envoyant un e-mail \u00e0 info@moeves.it -en appelant le num\u00e9ro de t\u00e9l\u00e9phone fixe 0175 47 88 16 (le service d&rsquo;appel est [&hellip;]<\/p>\n","protected":false},"author":3,"featured_media":10791,"comment_status":"closed","ping_status":"open","sticky":false,"template":"","format":"standard","meta":{"_acf_changed":false,"_et_pb_use_builder":"on","_et_pb_old_content":"","_et_gb_content_width":"","footnotes":""},"categories":[39,75,50],"tags":[],"class_list":["post-10849","post","type-post","status-publish","format-standard","has-post-thumbnail","hentry","category-news","category-news-en","category-non-classifiee"],"acf":[],"_links":{"self":[{"href":"https:\/\/cuneoairport.com\/fr\/wp-json\/wp\/v2\/posts\/10849","targetHints":{"allow":["GET"]}}],"collection":[{"href":"https:\/\/cuneoairport.com\/fr\/wp-json\/wp\/v2\/posts"}],"about":[{"href":"https:\/\/cuneoairport.com\/fr\/wp-json\/wp\/v2\/types\/post"}],"author":[{"embeddable":true,"href":"https:\/\/cuneoairport.com\/fr\/wp-json\/wp\/v2\/users\/3"}],"replies":[{"embeddable":true,"href":"https:\/\/cuneoairport.com\/fr\/wp-json\/wp\/v2\/comments?post=10849"}],"version-history":[{"count":0,"href":"https:\/\/cuneoairport.com\/fr\/wp-json\/wp\/v2\/posts\/10849\/revisions"}],"wp:featuredmedia":[{"embeddable":true,"href":"https:\/\/cuneoairport.com\/fr\/wp-json\/wp\/v2\/media\/10791"}],"wp:attachment":[{"href":"https:\/\/cuneoairport.com\/fr\/wp-json\/wp\/v2\/media?parent=10849"}],"wp:term":[{"taxonomy":"category","embeddable":true,"href":"https:\/\/cuneoairport.com\/fr\/wp-json\/wp\/v2\/categories?post=10849"},{"taxonomy":"post_tag","embeddable":true,"href":"https:\/\/cuneoairport.com\/fr\/wp-json\/wp\/v2\/tags?post=10849"}],"curies":[{"name":"wp","href":"https:\/\/api.w.org\/{rel}","templated":true}]}}