{"id":10172,"date":"2022-05-27T10:21:40","date_gmt":"2022-05-27T08:21:40","guid":{"rendered":"https:\/\/cuneoairport.com\/?p=10172"},"modified":"2022-08-16T15:01:39","modified_gmt":"2022-08-16T13:01:39","slug":"laeroport-de-cuneo-a-la-grande-foire-dete","status":"publish","type":"post","link":"https:\/\/cuneoairport.com\/fr\/laeroport-de-cuneo-a-la-grande-foire-dete\/","title":{"rendered":"L&rsquo;a\u00e9roport de Cuneo \u00e0 la Grande Foire d&rsquo;\u00e9t\u00e9"},"content":{"rendered":"<p>[et_pb_section fb_built=\u00a0\u00bb1&Prime; admin_label=\u00a0\u00bbsection\u00a0\u00bb _builder_version=\u00a0\u00bb3.22&Prime; global_colors_info=\u00a0\u00bb{}\u00a0\u00bb][et_pb_row admin_label=\u00a0\u00bbligne\u00a0\u00bb _builder_version=\u00a0\u00bb3.25&Prime; background_size=\u00a0\u00bbinitial\u00a0\u00bb background_position=\u00a0\u00bbtop_left\u00a0\u00bb background_repeat=\u00a0\u00bbrepeat\u00a0\u00bb global_colors_info=\u00a0\u00bb{}\u00a0\u00bb][et_pb_column type=\u00a0\u00bb4_4&Prime; _builder_version=\u00a0\u00bb3.25&Prime; custom_padding=\u00a0\u00bb|||\u00a0\u00bb global_colors_info=\u00a0\u00bb{}\u00a0\u00bb custom_padding__hover=\u00a0\u00bb|||\u00a0\u00bb][et_pb_text admin_label=\u00a0\u00bbText\u00a0\u00bb _builder_version=\u00a0\u00bb4.14.3&Prime; background_size=\u00a0\u00bbinitial\u00a0\u00bb background_position=\u00a0\u00bbtop_left\u00a0\u00bb background_repeat=\u00a0\u00bbrepeat\u00a0\u00bb global_colors_info=\u00a0\u00bb{}\u00a0\u00bb]<\/p>\n<p>C&rsquo;est officiel : apr\u00e8s deux \u00e9ditions annul\u00e9es en raison de la pand\u00e9mie, le rendez-vous tant attendu avec la Grande Foire d&rsquo;\u00e9t\u00e9 revient, qui aura lieu \u00e0 Savigliano (CUNEO) du samedi 11 au dimanche 19 juin 2022.<\/p>\n<p>L&rsquo;A\u00e9roport sera \u00e9galement pr\u00e9sent pour cette belle rentr\u00e9e, favorisant ses liaisons, gr\u00e2ce \u00e0 une synergie avec le territoire et une reprise de bon augure pour l&rsquo;avenir.<\/p>\n<p>Le projet de la 45\u00e8me \u00e9dition du GFE est n\u00e9 de la volont\u00e9 de revenir \u00e0 la normalit\u00e9 et d&rsquo;envisager positivement l&rsquo;avenir, en garantissant la protection et le respect de toutes les r\u00e8gles anti Covid-19 en vigueur.<\/p>\n<p>6 pavillons th\u00e9matiques : Institutionnel &amp; Tekno (construction, g\u00e9nie civil et industriel, \u00e9conomies d&rsquo;\u00e9nergie, services aux particuliers et aux entreprises) ; Meubles (ameublement int\u00e9rieur et ext\u00e9rieur); Accessoire d&rsquo;ameublement &amp; Expo (design, accessoires pour la maison, \u00e9clairage, rideaux et tissus, sant\u00e9 et bien-\u00eatre); Borgo del Gusto (promotion et vente de produits alimentaires et viticoles); Expomotor &amp; Outdoor (Machines et \u00e9quipements, v\u00e9hicules utilitaires et industriels, voitures, motos, v\u00e9los, structures pr\u00e9fabriqu\u00e9es, loisirs, mobilier de jardin, mobilier urbain); Manger et boire (Points administratifs, Food Truck, Api Car).<\/p>\n<p>Pour plus d&rsquo;informations, appelez le 0172\/742079, \u00e9crivez \u00e0 <a href=\"mailto:info@grandefieradestate.com\" target=\"_blank\" rel=\"noopener\">info@grandefieradestate.com<\/a> ou visitez le site Web <a href=\"https:\/\/www.grandefieradestate.com\/\" target=\"_blank\" rel=\"noopener\">www.grandefieradestate.com<\/a> .<\/p>\n<p>Lire le <a href=\"https:\/\/cuneoairport.com\/wp-content\/uploads\/2022\/05\/GFE_2022_CS01.pdf\">CS de la Grande Foire d&rsquo;Et\u00e9<\/a><\/p>\n<p>[\/et_pb_text][\/et_pb_column][\/et_pb_row][\/et_pb_section]<\/p>\n","protected":false},"excerpt":{"rendered":"<p>C&rsquo;est officiel : apr\u00e8s deux \u00e9ditions annul\u00e9es en raison de la pand\u00e9mie, le rendez-vous tant attendu avec la Grande Foire d&rsquo;\u00e9t\u00e9 revient, qui aura lieu \u00e0 Savigliano (CUNEO) du samedi 11 au dimanche 19 juin 2022. L&rsquo;A\u00e9roport sera \u00e9galement pr\u00e9sent pour cette belle rentr\u00e9e, favorisant ses liaisons, gr\u00e2ce \u00e0 une synergie avec le territoire et [&hellip;]<\/p>\n","protected":false},"author":3,"featured_media":11868,"comment_status":"closed","ping_status":"open","sticky":false,"template":"","format":"standard","meta":{"_acf_changed":false,"_et_pb_use_builder":"on","_et_pb_old_content":"","_et_gb_content_width":"","footnotes":""},"categories":[39],"tags":[],"class_list":["post-10172","post","type-post","status-publish","format-standard","has-post-thumbnail","hentry","category-news"],"acf":[],"_links":{"self":[{"href":"https:\/\/cuneoairport.com\/fr\/wp-json\/wp\/v2\/posts\/10172","targetHints":{"allow":["GET"]}}],"collection":[{"href":"https:\/\/cuneoairport.com\/fr\/wp-json\/wp\/v2\/posts"}],"about":[{"href":"https:\/\/cuneoairport.com\/fr\/wp-json\/wp\/v2\/types\/post"}],"author":[{"embeddable":true,"href":"https:\/\/cuneoairport.com\/fr\/wp-json\/wp\/v2\/users\/3"}],"replies":[{"embeddable":true,"href":"https:\/\/cuneoairport.com\/fr\/wp-json\/wp\/v2\/comments?post=10172"}],"version-history":[{"count":0,"href":"https:\/\/cuneoairport.com\/fr\/wp-json\/wp\/v2\/posts\/10172\/revisions"}],"wp:featuredmedia":[{"embeddable":true,"href":"https:\/\/cuneoairport.com\/fr\/wp-json\/wp\/v2\/media\/11868"}],"wp:attachment":[{"href":"https:\/\/cuneoairport.com\/fr\/wp-json\/wp\/v2\/media?parent=10172"}],"wp:term":[{"taxonomy":"category","embeddable":true,"href":"https:\/\/cuneoairport.com\/fr\/wp-json\/wp\/v2\/categories?post=10172"},{"taxonomy":"post_tag","embeddable":true,"href":"https:\/\/cuneoairport.com\/fr\/wp-json\/wp\/v2\/tags?post=10172"}],"curies":[{"name":"wp","href":"https:\/\/api.w.org\/{rel}","templated":true}]}}