{"id":10109,"date":"2022-05-12T10:38:32","date_gmt":"2022-05-12T08:38:32","guid":{"rendered":"https:\/\/cuneoairport.com\/cours-sur-la-peur-de-voler\/"},"modified":"2022-08-08T15:56:44","modified_gmt":"2022-08-08T13:56:44","slug":"cours-sur-la-peur-de-voler","status":"publish","type":"post","link":"https:\/\/cuneoairport.com\/fr\/cours-sur-la-peur-de-voler\/","title":{"rendered":"COURS SUR LA PEUR DE VOLER"},"content":{"rendered":"<p>[et_pb_section fb_built=\u00a0\u00bb1&Prime; admin_label=\u00a0\u00bbsection\u00a0\u00bb _builder_version=\u00a0\u00bb3.22&Prime; global_colors_info=\u00a0\u00bb{}\u00a0\u00bb theme_builder_area=\u00a0\u00bbpost_content\u00a0\u00bb][et_pb_row admin_label=\u00a0\u00bbligne\u00a0\u00bb _builder_version=\u00a0\u00bb3.25&Prime; background_size=\u00a0\u00bbinitial\u00a0\u00bb background_position=\u00a0\u00bbtop_left\u00a0\u00bb background_repeat=\u00a0\u00bbrepeat\u00a0\u00bb global_colors_info=\u00a0\u00bb{}\u00a0\u00bb theme_builder_area=\u00a0\u00bbpost_content\u00a0\u00bb][et_pb_column type=\u00a0\u00bb4_4&Prime; _builder_version=\u00a0\u00bb3.25&Prime; custom_padding=\u00a0\u00bb|||\u00a0\u00bb global_colors_info=\u00a0\u00bb{}\u00a0\u00bb custom_padding__hover=\u00a0\u00bb|||\u00a0\u00bb theme_builder_area=\u00a0\u00bbpost_content\u00a0\u00bb][et_pb_text admin_label=\u00a0\u00bbText\u00a0\u00bb _builder_version=\u00a0\u00bb4.14.3&Prime; background_size=\u00a0\u00bbinitial\u00a0\u00bb background_position=\u00a0\u00bbtop_left\u00a0\u00bb background_repeat=\u00a0\u00bbrepeat\u00a0\u00bb global_colors_info=\u00a0\u00bb{}\u00a0\u00bb theme_builder_area=\u00a0\u00bbpost_content\u00a0\u00bb]<\/p>\n<p style=\"text-align: left;\">Gr\u00e2ce \u00e0 la collaboration avec<a href=\"dastyflysim.com\" target=\"_blank\" rel=\"noopener\">DASTYFLYSIM dastyflyism.com <\/a>, le plus grand centre de simulation de vol d&rsquo;Europe, l&rsquo;a\u00e9roport de Cuneo propose un <strong>COURS SUR LA PEUR DE VOLER<\/strong>.<\/p>\n<p style=\"text-align: left;\">Premier cours en terre a\u00e9roportuaire, il se veut une approche de gestion de la peur de l&rsquo;avion, pour les personnes qui ont toujours ou r\u00e9cemment eu cette phobie. L&rsquo;objectif est d&rsquo;acqu\u00e9rir un contenu technique sur le vol et l&rsquo;a\u00e9ronef, les principes de base des proc\u00e9dures de s\u00e9curit\u00e9. Il y aura des moments de discussion et des aper\u00e7us th\u00e9matiques autour des th\u00e8mes des phobies et des contenus \u00e9motionnels et psychologiques les plus courants des \u00ab\u00a0a\u00e9rophobies\u00a0\u00bb.<\/p>\n<p style=\"text-align: left;\">Les conf\u00e9renciers Pier Rinaldi, expert a\u00e9ronautique en assistance \u00e0 la navigation a\u00e9rienne et Cristina Franchetti, psychologue et psychoth\u00e9rapeute, avec l&rsquo;exp\u00e9rience de nombreux cours sur la peur de voler, accompagneront les participants sur un cours de 4 heures, au cours duquel il y aura des moments s\u00e9minaires accompagn\u00e9s par activit\u00e9s de groupe, interaction et comparaison. Ceux qui se sentent pr\u00eats peuvent \u00e9galement avoir acc\u00e8s \u00e0 la zone d&#8217;embarquement et monter \u00e0 bord d&rsquo;un avion.<\/p>\n<p style=\"text-align: left;\">Le cours aura lieu le dimanche <strong>29 mai<\/strong> en deux \u00e9quipes de max. 20 personnes, 1er poste 9h-13h, 2e poste 14h-18h, et avec un minimum de 15 participants.<\/p>\n<p style=\"text-align: left;\">Le droit de participation est <strong>ramen\u00e9<\/strong> \u00e0 <strong>57 \u20ac<\/strong> pour cette premi\u00e8re \u00e9dition.<\/p>\n<p style=\"text-align: left;\">Les participants recevront le programme d\u00e9taill\u00e9 du cours avec la confirmation de r\u00e9ception de l&rsquo;inscription. Pendant le cours, un soutien et du mat\u00e9riel approfondi seront fournis.<\/p>\n<p style=\"text-align: left;\">Tous les participants pourront \u00e9galement voler avec le <strong>simulateur de vol professionnel d&rsquo;<\/strong> un Boeing 737NG au centre de simulation DASTYFLYSIM de Bergame. Le simulateur de vol, \u00e9tant dynamique, recr\u00e9e toutes les sensations de vol, g\u00e9n\u00e9rant une exp\u00e9rience utile et pr\u00e9paratoire \u00e0 un vol r\u00e9el. Les d\u00e9tails et les co\u00fbts seront indiqu\u00e9s au cours de la journ\u00e9e du cours <em>.<\/em><\/p>\n<p>[\/et_pb_text][et_pb_gallery gallery_ids=\u00a0\u00bb10139,10136,10133,10130&Prime; _builder_version=\u00a0\u00bb4.14.3&Prime; _module_preset=\u00a0\u00bbdefault\u00a0\u00bb background_layout=\u00a0\u00bbdark\u00a0\u00bb width=\u00a0\u00bb100%\u00a0\u00bb min_height=\u00a0\u00bb134.5px\u00a0\u00bb custom_margin=\u00a0\u00bb24px|||||\u00a0\u00bb custom_padding=\u00a0\u00bb1px||2px|||\u00a0\u00bb animation_style=\u00a0\u00bbfade\u00a0\u00bb global_colors_info=\u00a0\u00bb{}\u00a0\u00bb theme_builder_area=\u00a0\u00bbpost_content\u00a0\u00bb][\/et_pb_gallery][et_pb_text admin_label=\u00a0\u00bbText\u00a0\u00bb _builder_version=\u00a0\u00bb4.14.3&Prime; background_size=\u00a0\u00bbinitial\u00a0\u00bb background_position=\u00a0\u00bbtop_left\u00a0\u00bb background_repeat=\u00a0\u00bbrepeat\u00a0\u00bb global_colors_info=\u00a0\u00bb{}\u00a0\u00bb theme_builder_area=\u00a0\u00bbpost_content\u00a0\u00bb]<\/p>\n<p style=\"text-align: left;\">Pi\u00e8ces jointes : <a href=\"https:\/\/cuneoairport.com\/wp-content\/uploads\/2022\/05\/SCALETTA-DEL-CORSO.pdf\">\u00c9CHELLE DE COURS<\/a> &#8211; <a href=\"https:\/\/cuneoairport.com\/wp-content\/uploads\/2022\/05\/CV-RELATORI.pdf\">CV DES INTERVENANTS<\/a><\/p>\n<p style=\"text-align: left;\"><em><span style=\"color: #e02b20;\">L&rsquo;inscription est termin\u00e9e.<\/span><\/em><\/p>\n<p style=\"text-align: left;\">Les futurs reprogrammations du cours seront propos\u00e9es sur cette page.<em><span style=\"color: #e02b20;\"><\/span><\/em><\/p>\n<p style=\"text-align: left;\"><em><span style=\"color: #e02b20;\"><\/span><\/em><\/p>\n<p>[\/et_pb_text][\/et_pb_column][\/et_pb_row][\/et_pb_section]<\/p>\n","protected":false},"excerpt":{"rendered":"<p>Gr\u00e2ce \u00e0 la collaboration avecDASTYFLYSIM dastyflyism.com , le plus grand centre de simulation de vol d&rsquo;Europe, l&rsquo;a\u00e9roport de Cuneo propose un COURS SUR LA PEUR DE VOLER. Premier cours en terre a\u00e9roportuaire, il se veut une approche de gestion de la peur de l&rsquo;avion, pour les personnes qui ont toujours ou r\u00e9cemment eu cette phobie. [&hellip;]<\/p>\n","protected":false},"author":3,"featured_media":18119,"comment_status":"closed","ping_status":"open","sticky":false,"template":"","format":"standard","meta":{"_acf_changed":false,"_et_pb_use_builder":"on","_et_pb_old_content":"","_et_gb_content_width":"","footnotes":""},"categories":[39,76],"tags":[],"class_list":["post-10109","post","type-post","status-publish","format-standard","has-post-thumbnail","hentry","category-news","category-nouvelles"],"acf":[],"_links":{"self":[{"href":"https:\/\/cuneoairport.com\/fr\/wp-json\/wp\/v2\/posts\/10109","targetHints":{"allow":["GET"]}}],"collection":[{"href":"https:\/\/cuneoairport.com\/fr\/wp-json\/wp\/v2\/posts"}],"about":[{"href":"https:\/\/cuneoairport.com\/fr\/wp-json\/wp\/v2\/types\/post"}],"author":[{"embeddable":true,"href":"https:\/\/cuneoairport.com\/fr\/wp-json\/wp\/v2\/users\/3"}],"replies":[{"embeddable":true,"href":"https:\/\/cuneoairport.com\/fr\/wp-json\/wp\/v2\/comments?post=10109"}],"version-history":[{"count":0,"href":"https:\/\/cuneoairport.com\/fr\/wp-json\/wp\/v2\/posts\/10109\/revisions"}],"wp:featuredmedia":[{"embeddable":true,"href":"https:\/\/cuneoairport.com\/fr\/wp-json\/wp\/v2\/media\/18119"}],"wp:attachment":[{"href":"https:\/\/cuneoairport.com\/fr\/wp-json\/wp\/v2\/media?parent=10109"}],"wp:term":[{"taxonomy":"category","embeddable":true,"href":"https:\/\/cuneoairport.com\/fr\/wp-json\/wp\/v2\/categories?post=10109"},{"taxonomy":"post_tag","embeddable":true,"href":"https:\/\/cuneoairport.com\/fr\/wp-json\/wp\/v2\/tags?post=10109"}],"curies":[{"name":"wp","href":"https:\/\/api.w.org\/{rel}","templated":true}]}}